{"id":5603,"date":"2014-06-08T13:05:48","date_gmt":"2014-06-08T13:05:48","guid":{"rendered":"http:\/\/e-anjelik.sk\/?p=5603"},"modified":"2014-06-08T13:05:48","modified_gmt":"2014-06-08T13:05:48","slug":"modlitba-za-mier-na-nedelu-zoslania-ducha-svateho","status":"publish","type":"post","link":"https:\/\/www.e-anjelik.sk\/index.php\/2014\/06\/08\/modlitba-za-mier-na-nedelu-zoslania-ducha-svateho\/","title":{"rendered":"Modlitba za mier na nede\u013eu zoslania Ducha Sv\u00e4t\u00e9ho"},"content":{"rendered":"<p>R\u00edmsky biskup Franti\u0161ek na ned\u00e1vnej n\u00e1v\u0161teve na Bl\u00edzkom v\u00fdchode dohodol n\u00e1v\u0161tevu prezidentov Palest\u00edny a Izraela v R\u00edme. T\u00e1 sa uskuto\u010dn\u00ed dnes (8. j\u00fana 2014) a jej cie\u013eom je pomodli\u0165 sa spolu za pokoj. Viac o jej programe na str\u00e1ne <a href=\"http:\/\/tkkbs.sk\/view.php?cisloclanku=20140606033\">www.tkkbs.sk<\/a>.<\/p>\n<p>Prezident Svetov\u00e9ho luter\u00e1nskeho zv\u00e4zu, biskup Munib A. Younan pri tejto pr\u00edle\u017eitosti <strong>vyzval v\u0161etk\u00fdch evanjelikov sveta<\/strong>, aby sa s n\u00edm spojili v modlitbe s p\u00e1pe\u017eom Franti\u0161kom a dvomi prezidentmi. Viac o postoji brata biskupa Younana na str\u00e1ne <a href=\"http:\/\/www.lutheranworld.org\/news\/lwf-president-younan-join-pope-francis-prayer-vatican-pentecost-sunday\">www.lutheranworld.org<\/a>.<\/p>\n<p>Marana tha!<\/p>\n","protected":false},"excerpt":{"rendered":"<p>R\u00edmsky biskup Franti\u0161ek na ned\u00e1vnej n\u00e1v\u0161teve na Bl\u00edzkom v\u00fdchode dohodol n\u00e1v\u0161tevu prezidentov Palest\u00edny a Izraela v R\u00edme. T\u00e1 sa uskuto\u010dn\u00ed dnes (8. j\u00fana 2014) a jej cie\u013eom je pomodli\u0165 sa spolu za pokoj. Viac o jej programe na str\u00e1ne www.tkkbs.sk. Prezident Svetov\u00e9ho luter\u00e1nskeho zv\u00e4zu, biskup Munib A. Younan pri tejto pr\u00edle\u017eitosti vyzval v\u0161etk\u00fdch evanjelikov sveta, &#8230; <a title=\"Modlitba za mier na nede\u013eu zoslania Ducha Sv\u00e4t\u00e9ho\" class=\"read-more\" href=\"https:\/\/www.e-anjelik.sk\/index.php\/2014\/06\/08\/modlitba-za-mier-na-nedelu-zoslania-ducha-svateho\/\" aria-label=\"Pre\u010d\u00edtajte si viac o Modlitba za mier na nede\u013eu zoslania Ducha Sv\u00e4t\u00e9ho\">\u010c\u00edta\u0165 viac<\/a><\/p>\n","protected":false},"author":17,"featured_media":0,"comment_status":"open","ping_status":"open","sticky":false,"template":"","format":"standard","meta":{"footnotes":""},"categories":[17,193,2,108],"tags":[],"class_list":["post-5603","post","type-post","status-publish","format-standard","hentry","category-blizky-vychod","category-co-pisu-ini","category-ekumena","category-svatodusne-sviatky"],"_links":{"self":[{"href":"https:\/\/www.e-anjelik.sk\/index.php\/wp-json\/wp\/v2\/posts\/5603","targetHints":{"allow":["GET"]}}],"collection":[{"href":"https:\/\/www.e-anjelik.sk\/index.php\/wp-json\/wp\/v2\/posts"}],"about":[{"href":"https:\/\/www.e-anjelik.sk\/index.php\/wp-json\/wp\/v2\/types\/post"}],"author":[{"embeddable":true,"href":"https:\/\/www.e-anjelik.sk\/index.php\/wp-json\/wp\/v2\/users\/17"}],"replies":[{"embeddable":true,"href":"https:\/\/www.e-anjelik.sk\/index.php\/wp-json\/wp\/v2\/comments?post=5603"}],"version-history":[{"count":0,"href":"https:\/\/www.e-anjelik.sk\/index.php\/wp-json\/wp\/v2\/posts\/5603\/revisions"}],"wp:attachment":[{"href":"https:\/\/www.e-anjelik.sk\/index.php\/wp-json\/wp\/v2\/media?parent=5603"}],"wp:term":[{"taxonomy":"category","embeddable":true,"href":"https:\/\/www.e-anjelik.sk\/index.php\/wp-json\/wp\/v2\/categories?post=5603"},{"taxonomy":"post_tag","embeddable":true,"href":"https:\/\/www.e-anjelik.sk\/index.php\/wp-json\/wp\/v2\/tags?post=5603"}],"curies":[{"name":"wp","href":"https:\/\/api.w.org\/{rel}","templated":true}]}}