{"id":5609,"date":"2014-06-28T06:27:05","date_gmt":"2014-06-28T06:27:05","guid":{"rendered":"http:\/\/e-anjelik.sk\/?p=5609"},"modified":"2014-06-28T06:27:05","modified_gmt":"2014-06-28T06:27:05","slug":"stanovisko-predsednictva-evanjelickej-cirkvi-augsburskeho-vyznania-na-slovensku-k-vyhlaseniu","status":"publish","type":"post","link":"https:\/\/www.e-anjelik.sk\/index.php\/2014\/06\/28\/stanovisko-predsednictva-evanjelickej-cirkvi-augsburskeho-vyznania-na-slovensku-k-vyhlaseniu\/","title":{"rendered":"Stanovisko Predsedn\u00edctva Evanjelickej cirkvi augsbursk\u00e9ho vyznania na Slovensku k Vyhl\u00e1seniu.."},"content":{"rendered":"<p>Predsedn\u00edctvo ECAV na Slovensku sa obozn\u00e1milo s vyhl\u00e1sen\u00edm skupiny signat\u00e1rov zo d\u0148a 23. j\u00fana 2014, ktor\u00fdm poz\u00fdva evanjelick\u00fa verejnos\u0165, aby pripojila svoje podpisy a podporila z\u00e1pas o rozvoj slu\u017eby ECAV na Slovensku zalo\u017eenej na spravodlivosti, jednote a bratsko-sesterskej l\u00e1ske.<br \/>\nK takejto v\u00fdzve by sa ur\u010dite pripojilo aj Predsedn\u00edctvo ECAV na Slovensku, keby argument\u00e1cia uveden\u00e1 vo vyhl\u00e1sen\u00ed nebola zav\u00e1dzaj\u00faca. Predsedn\u00edctvo ECAV na Slovensku pova\u017euje v tejto situ\u00e1cii za potrebn\u00e9, informova\u0165 verejnos\u0165 o faktoch, ktor\u00e9 sa vo vyhl\u00e1sen\u00ed zaml\u010duj\u00fa alebo prekr\u00facaj\u00fa.<\/p>\n<p>Pr\u00edpad Martin \u0160efranko<br \/>\nBrat far\u00e1r \u0160efranko z\u00e1va\u017ene poru\u0161il cirkevnopr\u00e1vne predpisy pri nakladan\u00ed s majetkom b\u00fdval\u00e9ho bratislavsk\u00e9ho cirkevn\u00e9ho zboru. Ako \u010dlen predsedn\u00edctva cirkevn\u00e9ho zboru s n\u00edm nakladal bez toho, aby mal na tak\u00e9to pr\u00e1vne \u00fakony opr\u00e1vnenie, to znamen\u00e1:<br \/>\n1.\tbez schv\u00e1lenia z\u00e1meru scudzi\u0165 tento nehnute\u013en\u00fd majetok zborov\u00fdm konventom<br \/>\n2.\tbez s\u00fahlasu senior\u00e1lneho presbyterstva s tak\u00fdmto z\u00e1merom<br \/>\n3.\tbez s\u00fahlasu zborov\u00e9ho konventu s n\u00e1vrhom zmluvy<br \/>\n4.\tbez s\u00fahlasu senior\u00e1lneho presbyterstva s n\u00e1vrhom zmluvy.<br \/>\nNa tieto poru\u0161enia bolo Predsedn\u00edctvo ECAV upozornen\u00e9 bezprostredne \u010dlenmi tohto cirkevn\u00e9ho zboru. <\/p>\n<p>Aj ke\u010f \u0161koda, ktor\u00e1 mohla t\u00fdmto konan\u00edm cirkevn\u00e9mu zboru vznikn\u00fa\u0165, nebola v disciplin\u00e1rnom konan\u00ed sk\u00faman\u00e1 a nie je ani d\u00f4vodom udelenia disciplin\u00e1rneho opatrenia, obvinen\u00fd sa \u010dasto odvol\u00e1val na predlo\u017een\u00fd znaleck\u00fd posudok a na to, \u017ee \u017eiadna \u0161koda cirkevn\u00e9mu zboru \u00fadajne nevznikla.<br \/>\nPredsedn\u00edctvo ECAV preto po\u017eiadalo o n\u00e1zor in\u00e9ho nez\u00e1visl\u00e9ho znalca, ktor\u00fd uviedol, \u017ee v posudku, na ktor\u00fd sa odvol\u00e1va M. \u0160efranko, je viacero pochyben\u00ed.<br \/>\nZ\u00e1very viac ako 50-str\u00e1nkov\u00e9ho vyjadrenia znalca mo\u017eno zhrn\u00fa\u0165 do kon\u0161tatovania, \u017ee rozdiel v znaleck\u00fdch posudkoch (a teda \u0161koda cirkevn\u00e9ho zboru) je vo v\u00fd\u0161ke 822 tis\u00edc eur (to je 24 mili\u00f3nov Sk). Tento ekonomick\u00fd aspekt poru\u0161enia cirkevnopr\u00e1vnych predpisov bude u\u017e ale sk\u00fama\u0165 in\u00fd org\u00e1n.<br \/>\nS\u00fahrn a tabulka. <\/p>\n<p>Argument\u00e1cie o \u00fadajnej nepr\u00edslu\u0161nosti disciplin\u00e1rneho org\u00e1nu \u010di \u00fadajn\u00e1 nelegit\u00edmnos\u0165 hlasuj\u00facich bola rie\u0161en\u00e1 a vyrie\u0161en\u00e1 v disciplin\u00e1rnom konan\u00ed. Vo svetle vy\u0161\u0161ie uveden\u00fdch vysvetlen\u00ed sa preto jav\u00ed len ako pokus zakr\u00fdva\u0165 neporiadok v cirkvi. <\/p>\n<p>Pr\u00edpad Roman Porub\u00e4n<br \/>\nAko sami signat\u00e1ri uv\u00e1dzaj\u00fa, nejde o disciplin\u00e1rne opatrenie, ale upozornenie seniora zo strany Zboru biskupov ECAV na Slovensku. Toto upozornenie bolo nap\u00edsan\u00e9 len pre brata seniora Porub\u00e4na, nebolo nikde zverej\u0148ovan\u00e9. Brat senior Roman Porub\u00e4n si svoj\u00edm neuv\u00e1\u017een\u00fdm konan\u00edm s\u00e1m po\u0161kodil dobr\u00e9 meno predstavite\u013ea cirkvi. Predsedn\u00edctvo ECAV plne podporuje Zbor biskupov a vyz\u00fdva ho, aby na\u010falej sledoval spr\u00e1vanie duchovn\u00fdch na verejnosti, vyhodnocoval pr\u00edpadne negat\u00edvne odozvy spolo\u010dnosti. A ak treba napom\u00ednal svojich far\u00e1rov a seniorov zvl\u00e1\u0161\u0165, ak sa nespr\u00e1vaj\u00fa na verejnosti tak, ako sa na duchovn\u00fdch ECAV patr\u00ed.<\/p>\n<p>Protest proti Evanjelick\u00e9mu poslu spod Tatier<br \/>\nPredsedn\u00edctvo ECAV neriadi EPST. Ak jeho redaktori dostan\u00fa od niektor\u00e9ho z \u010dlenov Predsedn\u00edctva mor\u00e1lnu podporu a povzbudenie do pr\u00e1ce, z\u010faleka to nenahrad\u00ed nepodlo\u017een\u00e9 \u00fatoky zo strany t\u00fdch, na ne\u0161v\u00e1ry ktor\u00fdch Posol upozor\u0148uje. Zd\u00e1 sa, \u017ee ke\u010f EPST niekoho vyru\u0161\u00ed z jeho \u201epokoja a spokojnosti\u201c, snahou je uml\u010da\u0165 ho za ka\u017ed\u00fa cenu. Predsedn\u00edctvo ECAV zast\u00e1va n\u00e1zor, \u017ee noviny musia by\u0165 aktu\u00e1lne, kritick\u00e9 k neporiadkom v cirkvi \u2013 samozrejme, pri zachovan\u00ed objektivity a plurality. Je toti\u017e zle, ak sa hriech zvykne ukr\u00fdva\u0165, ospravedl\u0148ova\u0165 a nenaz\u00fdva\u0165 prav\u00fdm menom. Iba vo svetle pravdy b\u00fdva odhalen\u00e9 to, \u010do nem\u00e1 pred Bohom bud\u00facnos\u0165 a \u010do v Bo\u017eom kr\u00e1\u013eovstve neobstoj\u00ed. <\/p>\n<p>Neudelenie s\u00fahlasu kandid\u00e1tom na post seniora<br \/>\nPredsedn\u00edctvo postupuje presne v intenci\u00e1ch z\u00e1kona. Aj ke\u010f CPP neur\u010duj\u00fa povinnos\u0165 zd\u00f4vod\u0148ova\u0165 neudelenie s\u00fahlasu, v pr\u00edpade kandid\u00e1ta brata far\u00e1ra J. Olej\u00e1ra (\u010do bol doteraz jedin\u00fd pr\u00edpad) tak urobilo, a v\u0161etci dotknut\u00ed boli s d\u00f4vodom neudelenia s\u00fahlasu obozn\u00e1men\u00ed. Predsedn\u00edctvo ECAV d\u00e1va s\u00fahlas, aby zd\u00f4vodnenie bolo zverejnen\u00e9; a je na samotnom kandid\u00e1tovi, \u010di tak urob\u00ed. Obvi\u0148ova\u0165 Predsedn\u00edctvo zo zneu\u017eitia pr\u00e1vomoci, ke\u010f \u00fadajne bez udania d\u00f4vodu s\u00fahlas neudelilo, je preto ohov\u00e1ran\u00edm predstavite\u013eov cirkvi.<\/p>\n<p>V\u00fddavky GB\u00da<br \/>\nHovori\u0165 o v\u00fddavkoch GB\u00da je manipul\u00e1ciou, ktor\u00e1 je na v\u0161etk\u00fdch gr\u00e9mi\u00e1ch cirkvi opakovane ka\u017ed\u00fd rok vysvet\u013eovan\u00e1. GB\u00da nie je pr\u00e1vnickou osobou, \u00fa\u010dtovn\u00edctvo GB\u00da nie je veden\u00e9 osobitne od \u00fa\u010dtovn\u00edctva ECAV. Ak rast\u00fa n\u00e1klady \u2013 tak s\u00fa to n\u00e1klady ECAV. Predsedn\u00edctvo v\u00edta, \u017ee synoda ods\u00fahlasila n\u00e1vrh, aby sa financovaniu cirkvi ako hlavnej t\u00e9me venovala synoda na bud\u00faci rok, a dovtedy vyz\u00fdva gener\u00e1lny hospod\u00e1rsky v\u00fdbor, ako aj \u010fal\u0161ie dotknut\u00e9 komisie a v\u00fdbory ECAV, aby na problematike usilovne pracovali a predlo\u017eili synod\u00e1lom a cirkvi relevantn\u00e9 z\u00e1very a n\u00e1vrhy na rie\u0161enie financovania ECAV vr\u00e1tane spr\u00e1vy nehnute\u013enost\u00ed ECAV, ktor\u00e9 m\u00f4\u017eu by\u0165 v\u00fdznamn\u00fdm zdrojom pr\u00edjmov. <\/p>\n<p>Bratia a sestry,<br \/>\ncirkev sa od sveta odli\u0161uje predov\u0161etk\u00fdm t\u00fdm, \u017ee nerob\u00ed hanbu sebe ani P\u00e1nu Bohu. Nehovorme preto krivolak\u00fdm cest\u00e1m, \u017ee s\u00fa dobr\u00e9. <\/p>\n<p>V Bratislave 25. 6. 2014<\/p>\n<p>Imrich Luk\u00e1\u010d<br \/>\ngener\u00e1lny dozorca<\/p>\n<p>Milo\u0161 Kl\u00e1tik<br \/>\ngener\u00e1lny biskup<\/p>\n<p>http:\/\/www.ecav.sk\/?p=Aktual\/AktualStanov\/stanovisko_predsednictva_evanjelickej_cirkvi_augsburskeho_vyznania_na_slovensku_k_vyhlaseniu<\/p>\n","protected":false},"excerpt":{"rendered":"<p>Predsedn\u00edctvo ECAV na Slovensku sa obozn\u00e1milo s vyhl\u00e1sen\u00edm skupiny signat\u00e1rov zo d\u0148a 23. j\u00fana 2014, ktor\u00fdm poz\u00fdva evanjelick\u00fa verejnos\u0165, aby pripojila svoje podpisy a podporila z\u00e1pas o rozvoj slu\u017eby ECAV na Slovensku zalo\u017eenej na spravodlivosti, jednote a bratsko-sesterskej l\u00e1ske. K takejto v\u00fdzve by sa ur\u010dite pripojilo aj Predsedn\u00edctvo ECAV na Slovensku, keby argument\u00e1cia uveden\u00e1 vo &#8230; <a title=\"Stanovisko Predsedn\u00edctva Evanjelickej cirkvi augsbursk\u00e9ho vyznania na Slovensku k Vyhl\u00e1seniu..\" class=\"read-more\" href=\"https:\/\/www.e-anjelik.sk\/index.php\/2014\/06\/28\/stanovisko-predsednictva-evanjelickej-cirkvi-augsburskeho-vyznania-na-slovensku-k-vyhlaseniu\/\" aria-label=\"Pre\u010d\u00edtajte si viac o Stanovisko Predsedn\u00edctva Evanjelickej cirkvi augsbursk\u00e9ho vyznania na Slovensku k Vyhl\u00e1seniu..\">\u010c\u00edta\u0165 viac<\/a><\/p>\n","protected":false},"author":1,"featured_media":0,"comment_status":"open","ping_status":"open","sticky":false,"template":"","format":"standard","meta":{"footnotes":""},"categories":[1],"tags":[],"class_list":["post-5609","post","type-post","status-publish","format-standard","hentry","category-adventna-modlitba"],"_links":{"self":[{"href":"https:\/\/www.e-anjelik.sk\/index.php\/wp-json\/wp\/v2\/posts\/5609","targetHints":{"allow":["GET"]}}],"collection":[{"href":"https:\/\/www.e-anjelik.sk\/index.php\/wp-json\/wp\/v2\/posts"}],"about":[{"href":"https:\/\/www.e-anjelik.sk\/index.php\/wp-json\/wp\/v2\/types\/post"}],"author":[{"embeddable":true,"href":"https:\/\/www.e-anjelik.sk\/index.php\/wp-json\/wp\/v2\/users\/1"}],"replies":[{"embeddable":true,"href":"https:\/\/www.e-anjelik.sk\/index.php\/wp-json\/wp\/v2\/comments?post=5609"}],"version-history":[{"count":0,"href":"https:\/\/www.e-anjelik.sk\/index.php\/wp-json\/wp\/v2\/posts\/5609\/revisions"}],"wp:attachment":[{"href":"https:\/\/www.e-anjelik.sk\/index.php\/wp-json\/wp\/v2\/media?parent=5609"}],"wp:term":[{"taxonomy":"category","embeddable":true,"href":"https:\/\/www.e-anjelik.sk\/index.php\/wp-json\/wp\/v2\/categories?post=5609"},{"taxonomy":"post_tag","embeddable":true,"href":"https:\/\/www.e-anjelik.sk\/index.php\/wp-json\/wp\/v2\/tags?post=5609"}],"curies":[{"name":"wp","href":"https:\/\/api.w.org\/{rel}","templated":true}]}}