{"id":5613,"date":"2014-07-06T20:35:57","date_gmt":"2014-07-06T20:35:57","guid":{"rendered":"http:\/\/e-anjelik.sk\/?p=5613"},"modified":"2014-07-06T20:35:57","modified_gmt":"2014-07-06T20:35:57","slug":"viera-matiek","status":"publish","type":"post","link":"https:\/\/www.e-anjelik.sk\/index.php\/2014\/07\/06\/viera-matiek\/","title":{"rendered":"Viera matiek"},"content":{"rendered":"<p>                              Viera matiek<br \/>\n2 Tim 1, 3-6:<br \/>\n\u201e\u010eakujem Bohu, ktor\u00e9mu s \u010dist\u00fdm svedom\u00edm sl\u00fa\u017eim v \u0161\u013eapajach predkov, ako sa neprestajne rozpom\u00ednam na teba,  v modlitb\u00e1ch, vo dne aj v noci &#8211;  a (4) pripom\u00ednaj\u00fac si tvoje slzy, t\u00fa\u017eim \u0165a uzrie\u0165, aby som bol naplnen\u00fd rados\u0165ou, (5) upomenut\u00fd s\u00fac na tvoju nepokryteck\u00fa vieru, ktor\u00e1 preb\u00fdvala najprv v tvojej starej matke Loide a v tvojej matke Eunike, ale presved\u010den\u00fd som, \u017ee aj v tebe. (6) Preto ti pripom\u00ednam, aby si roznecoval v sebe dar Bo\u017e\u00ed, ktor\u00e9ho sa ti dostalo, ke\u010f som skladal ruky na teba\u201c. Amen<\/p>\n<p>               Mil\u00e9 sestry  a bratia v P\u00e1novi, mil\u00e9 deti a konfirmandi!<\/p>\n<p>       \u201eBez viery nie je mo\u017en\u00e9 \u013e\u00fabi\u0165 sa Bohu\u201c, pripom\u00edna  apo\u0161tolsk\u00e9 slovo. Upozor\u0148uje n\u00e1s tak na hodnotu viery v Je\u017ei\u0161a Krista, ktor\u00fd je na\u0161\u00edm P\u00e1nom a Spasite\u013eom. Tak\u00fato vieru n\u00e1m a v\u0161etk\u00fdm opravdivo a nepokrytecky veriacim d\u00e1va s\u00e1m Boh, skrze Ducha Sv\u00e4t\u00e9ho. Ke\u010f\u017ee ide o dar, je d\u00f4le\u017eit\u00e9, aby sme  tento dar nestratili a neodvr\u00e1tili sa od P\u00e1na Boha. Ale  tie\u017e o to, aby dar viery nestratil svoju cenu v na\u0161ich o\u010diach.<\/p>\n<p>      Apo\u0161tol  Pavel p\u00ed\u0161e svojmu \u017eiakovi Timoteovi, \u017ee vo svojej slu\u017ebe je naplnen\u00fd rados\u0165ou pri ka\u017edej  spomienke na svojho \u017eiaka, pr\u00e1ve pre jeho \u00faprimn\u00fa, \u010dist\u00fa a nepokryteck\u00fa vieru. Pavel bol v tom \u010dase u\u017e starec, ktor\u00fd v\u0161ak mal dobr\u00fa pam\u00e4\u0165 a videl jasne ako P\u00e1n Boh kon\u00e1 v \u017eivote \u013eud\u00ed  z gener\u00e1cie na gener\u00e1ciu. Apo\u0161tol Pavel vedel, \u017ee viera je z po\u010d\u00favania.<br \/>\n ( R 10, 17) Pravda, nie z po\u010d\u00favania hocijak\u00fdch re\u010d\u00ed, alebo  \u013eudsk\u00fdch n\u00e1zorov a neraz i myln\u00fdch domnienok, \u010di dokonca v\u00fdmyslov. Viera je z po\u010d\u00favania Bo\u017eieho slova. Duch Sv\u00e4t\u00fd teda p\u00f4sob\u00ed  cez Slovo, ktor\u00e9 navonok  je slovom \u013eudsk\u00fdm a predsa svoj\u00edm p\u00f4vodom, je in\u0161pirovan\u00e9 Duchom Sv\u00e4t\u00fdm. Zves\u0165 Bo\u017eieho slova  v cirkvi nesmie by\u0165 zn\u00f4\u0161kou \u013eudsk\u00fdch n\u00e1zorov, ale vern\u00fdm  tlmo\u010den\u00edm a oznamovan\u00edm Bo\u017eej  milostivej v\u00f4le.<br \/>\n      Nie inak je to aj pri sviatostiach P\u00e1na Je\u017ei\u0161a Krista. Ustanovil ich ako vidite\u013en\u00e9 znaky svojej pr\u00edtomnosti a p\u00f4sobenia toho ist\u00e9ho Ducha Sv\u00e4t\u00e9ho, ktor\u00fd posv\u00e4cuje i to \u013eudsk\u00e9 k\u00e1zan\u00e9 a zvestovan\u00e9 slovo i samotn\u00fd  vidite\u013en\u00fd znak sviatost\u00ed a tak m\u00f4\u017ee p\u00f4sobi\u0165 \u017eiv\u00fa a prav\u00fa vieru v du\u0161i a v duchu \u010dloveka. To plat\u00ed rovnako pri dare Krstu sv\u00e4t\u00e9ho s vidite\u013en\u00fdm znakom vody,  ako aj pri P\u00e1novej ve\u010deri spojenej a spe\u010datenej s darmi chleba a v\u00edna.<\/p>\n<p>        Aj ke\u010f apo\u0161tol Pavel pri v\u0161etkej skromnosti hovor\u00ed aj o svojej slu\u017ebe P\u00e1nu Bohu, o svojom vyu\u010dovan\u00ed, k\u00e1zan\u00ed a modlitb\u00e1ch,  pripom\u00edna mlad\u00e9mu Timoteovi aj  in\u00fa slu\u017ebu, ktor\u00e1 je rovnako d\u00f4le\u017eit\u00e1, bohumil\u00e1 a m\u00e1 by\u0165 vz\u00e1cna aj v o\u010diach jeho \u017eiaka. Hovor\u00ed toti\u017e o tom, \u017ee dar viery, ktor\u00fd prijal Timoteos, preb\u00fdval u\u017e predt\u00fdm v srdciach, mysliach a v duchu jeho predkov, toti\u017e v jeho starej matke Loide a v jeho matke Eunike. Podobne ako si aj Pavel uvedomoval slu\u017ebu svojich vlastn\u00fdch predkov vo svojom osobnom \u017eivote.<br \/>\n    Preto hovor\u00ed: \u201ePripom\u00ednam si tvoju nepokryteck\u00fa vieru, z ktorej sa radujem, vieru, ktor\u00e1 najsk\u00f4r preb\u00fdvala v tvojej starej matke Loide a v tvojej matke Eunike &#8211; ale presved\u010den\u00fd som , \u017ee aj v tebe\u201c.( v.4)<\/p>\n<p>     Mil\u00e9 deti, mil\u00ed priatelia!<br \/>\n   Slu\u017eba, vyu\u010dovanie a osobn\u00fd \u017eivot dvoch \u017eien, dvoch matiek -starej matky Loidy a matky Euniky sa uk\u00e1zal nenahradite\u013en\u00fd a nezastupite\u013en\u00fd v \u017eivote Timotea.  Dnes mysl\u00edme, mil\u00ed bratia a sestry, mil\u00ed bud\u00faci konfirmandi aj my v cirkvi na na\u0161e matky a star\u00e9 matky. Nie v\u0161ak iba na to, \u017ee n\u00e1s matky porodili, vychovali a s l\u00e1skou sprev\u00e1dzali a\u017e po tento de\u0148. Mysl\u00edme aj na ich vz\u00e1cnu a d\u00f4le\u017eit\u00fa  slu\u017ebu pre v\u00e1\u0161 duchovn\u00fd \u017eivot, pre v\u00e1\u0161 i n\u00e1\u0161 \u017eivot viery a rast vo viere.<\/p>\n<p>      Dnes sv\u00e4t\u00edme aj v cirkvi  De\u0148 matiek a pripom\u00edname si  ich duchovn\u00fa, k\u0148azsk\u00fa slu\u017ebu. Oni aj v\u00e1s priniesli ku Krstu sv\u00e4t\u00e9mu, spolu s otcami a ostatnou rodinou. Oni dr\u017eali nejednu modlitebn\u00fa str\u00e1\u017e nad vami od v\u00e1\u0161ho mali\u010dka.  Pr\u00e1vom \u010fakujeme za v\u0161etky tak\u00e9ho \u017eeny, matky a star\u00e9, matky, ktor\u00e9 boli a s\u00fa matkami pod\u013ea Bo\u017eej v\u00f4le. Matky, ktor\u00e9 boli a s\u00fa prv\u00fdmi u\u010dite\u013ekami Bo\u017eieho slova, prv\u00fdmi pedagogi\u010dkami Bo\u017eieho slova, prv\u00fdmi kazate\u013ekami a pr\u00edkladmi posv\u00e4tn\u00e9ho \u017eivota v modlitbe, v l\u00e1ske a vo vernosti P\u00e1nu Bohu.<br \/>\n      Nie bez dojatia a v\u010fa\u010dn\u00fdch s\u013az, tak ako sa k nim prizn\u00e1va aj apo\u0161tol Pavel rob\u00edme tak i my v tento de\u0148, ke\u010f z\u00e1rove\u0148 smiete vyda\u0165 po\u010det zo svoje  viery pred tv\u00e1rou cirkevn\u00e9ho zboru.  Z\u00e1rove\u0148 si uvedomujeme, ak\u00e9 je to bohatstvo cirkvi, ak tak\u00e9to  matky a star\u00e9 matky v cirkvi m\u00e1me. Ak m\u00e1me v cirkvi nielen \u017eeny, ale aj rodi\u010dov pod\u013ea Bo\u017eej v\u00f4le. Dobr\u00e9 matky s ich osobitn\u00fdmi darmi, schopnos\u0165ami a mo\u017enos\u0165ami.<\/p>\n<p>      Srde\u010dne v\u0161etk\u00fdm matk\u00e1m, tu v chr\u00e1me, i t\u00fdm doma &#8211; prajeme od P\u00e1na Boha ve\u013ea m\u00fadrosti, zdravia, duchovnej sily a vedomie povolanosti k slu\u017ebe P\u00e1novi a Jeho cirkvi v tom najmen\u0161om, ale najd\u00f4le\u017eitej\u0161om rozmere &#8211; v kres\u0165anskej rodine!<\/p>\n<p>      Napokon chcem pripomen\u00fa\u0165, \u017ee vysv\u00e4ten\u00edm do tejto slu\u017eby P\u00e1novi je Krst sv\u00e4t\u00fd pre ka\u017ed\u00e9ho kres\u0165ana. A z neho vypl\u00fdva aj celo\u017eivotn\u00e1 \u00faloha, o ktorej op\u00e4\u0165 hovor\u00ed apo\u0161tolsk\u00e9 slovo: \u201cAby si roznecoval v sebe dar Bo\u017e\u00ed, ktor\u00e9ho sa ti dostalo, ke\u010f som kl\u00e1dol ruky na teba\u201c.(v.6)<\/p>\n<p>      Aj ja som kl\u00e1dol ruky na v\u00e1s pri va\u0161om krste, z P\u00e1novho poverenia a s vierou v Jeho s\u013eub: \u201eKto ver\u00ed a je pokrsten\u00fd, bude spasen\u00fd! (Mk 16, 16)<br \/>\n      A preto, nielen vy, na\u0161e deti, ale v\u0161etci roznecujme v sebe dar Bo\u017e\u00ed. Ducha neuh\u00e1\u0161ajme. ( 1 Tes 5,19) Vzrastajme  v zn\u00e1mosti n\u00e1\u0161ho P\u00e1na . Nebu\u010fme \u013eahostajn\u00ed k daru milosti a vyvoleniu Bo\u017eiemu. Zosta\u0148me vern\u00ed svojmu povolaniu , na\u0161ej slu\u017ebe a Tomu, ktor\u00fd si n\u00e1s zamiloval u\u017e pred stvoren\u00edm sveta a je s nami dnes i naveky! Amen<\/p>\n<p>    3.nede\u013ea po Ve\u013ekej noci,  De\u0148 matiek, sk\u00fa\u0161ka konfirmandov,                                                                                                                                                                                                                                     Soboti\u0161te 2014 \u2013 \u013dubom\u00edr Batka st.<\/p>\n","protected":false},"excerpt":{"rendered":"<p>Viera matiek 2 Tim 1, 3-6: \u201e\u010eakujem Bohu, ktor\u00e9mu s \u010dist\u00fdm svedom\u00edm sl\u00fa\u017eim v \u0161\u013eapajach predkov, ako sa neprestajne rozpom\u00ednam na teba, v modlitb\u00e1ch, vo dne aj v noci &#8211; a (4) pripom\u00ednaj\u00fac si tvoje slzy, t\u00fa\u017eim \u0165a uzrie\u0165, aby som bol naplnen\u00fd rados\u0165ou, (5) upomenut\u00fd s\u00fac na tvoju nepokryteck\u00fa vieru, ktor\u00e1 preb\u00fdvala najprv v &#8230; <a title=\"Viera matiek\" class=\"read-more\" href=\"https:\/\/www.e-anjelik.sk\/index.php\/2014\/07\/06\/viera-matiek\/\" aria-label=\"Pre\u010d\u00edtajte si viac o Viera matiek\">\u010c\u00edta\u0165 viac<\/a><\/p>\n","protected":false},"author":4,"featured_media":0,"comment_status":"open","ping_status":"open","sticky":false,"template":"","format":"standard","meta":{"footnotes":""},"categories":[95],"tags":[],"class_list":["post-5613","post","type-post","status-publish","format-standard","hentry","category-sobotiste"],"_links":{"self":[{"href":"https:\/\/www.e-anjelik.sk\/index.php\/wp-json\/wp\/v2\/posts\/5613","targetHints":{"allow":["GET"]}}],"collection":[{"href":"https:\/\/www.e-anjelik.sk\/index.php\/wp-json\/wp\/v2\/posts"}],"about":[{"href":"https:\/\/www.e-anjelik.sk\/index.php\/wp-json\/wp\/v2\/types\/post"}],"author":[{"embeddable":true,"href":"https:\/\/www.e-anjelik.sk\/index.php\/wp-json\/wp\/v2\/users\/4"}],"replies":[{"embeddable":true,"href":"https:\/\/www.e-anjelik.sk\/index.php\/wp-json\/wp\/v2\/comments?post=5613"}],"version-history":[{"count":0,"href":"https:\/\/www.e-anjelik.sk\/index.php\/wp-json\/wp\/v2\/posts\/5613\/revisions"}],"wp:attachment":[{"href":"https:\/\/www.e-anjelik.sk\/index.php\/wp-json\/wp\/v2\/media?parent=5613"}],"wp:term":[{"taxonomy":"category","embeddable":true,"href":"https:\/\/www.e-anjelik.sk\/index.php\/wp-json\/wp\/v2\/categories?post=5613"},{"taxonomy":"post_tag","embeddable":true,"href":"https:\/\/www.e-anjelik.sk\/index.php\/wp-json\/wp\/v2\/tags?post=5613"}],"curies":[{"name":"wp","href":"https:\/\/api.w.org\/{rel}","templated":true}]}}