{"id":5617,"date":"2014-07-19T16:25:57","date_gmt":"2014-07-19T16:25:57","guid":{"rendered":"http:\/\/e-anjelik.sk\/?p=5617"},"modified":"2014-07-19T16:25:57","modified_gmt":"2014-07-19T16:25:57","slug":"o-povolani","status":"publish","type":"post","link":"https:\/\/www.e-anjelik.sk\/index.php\/2014\/07\/19\/o-povolani\/","title":{"rendered":"O povolan\u00ed"},"content":{"rendered":"<p>                                                                   O povolan\u00ed<br \/>\nJeremi\u00e1\u0161 20, 7:<br \/>\n     \u201dZv\u00e1bil si ma, Hospodine, a ja som dal zv\u00e1bi\u0165, uchopil si ma a premohol&#8230;\u201d. Amen<\/p>\n<p>      Mil\u00ed bratia a sestry v P\u00e1novi Je\u017ei\u0161ovi Kristovi!<\/p>\n<p>     Na \u00favod by som chcel poveda\u0165 nie\u010do ve\u013emi osobn\u00e9. Raz mi ist\u00fd olt\u00e1rny spolubrat hovoril s dojat\u00edm a otcovskou hrdos\u0165ou: \u201dM\u00f4j syn,  mal len asi 6 rokov, ke\u010f n\u00e1m, rodi\u010dom,  povedal: Ja m\u00e1m r\u00e1d P\u00e1na Je\u017ei\u0161a\u201d. Ostal som vtedy zamyslen\u00fd a mo\u017eno sa mu zdalo, \u017ee t\u00fdm slov\u00e1m nevenujem dostato\u010dn\u00fa pozornos\u0165, alebo azda pochybujem, \u017ee by mal\u00e9 die\u0165a malo vr\u00facny vz\u0165ah k Je\u017ei\u0161ovi. Opak je pravdou, vz\u0165ah det\u00ed k P\u00e1nu Bohu ma v\u017edy zauj\u00edmal. V tak\u00fdch chv\u00ed\u013each v\u0161ak mysl\u00edm v\u017edy na to, \u010do som i ja s\u00e1m povedal, ke\u010f som asi 3-4 roky.<br \/>\n     Osobne si to nepam\u00e4t\u00e1m a preto to poviem dnes tak, ako mi to reprodukovali moji rodi\u010dia: \u201cKe\u010f budem ve\u013ek\u00fd, budem far\u00e1r. Naprv si zazvon\u00edm, potom si pop\u00e9vam -(rozumej: pospievam, zaspievam) &#8211; a potom si zas zazvon\u00edm\u201d!<br \/>\n      \/\/Ot\u00e1zka m\u00f4\u017ee by\u0165, \u010di som svoje \u201cvok\u00e1cio\u201d pochopil spr\u00e1vne, \u010di som toti\u017e nemal by\u0165 v cirkvi rad\u0161ej zvon\u00e1r a kostoln\u00edk, ako far\u00e1r?\u2026\/\/<\/p>\n<p>     Skuto\u010dnos\u0165ou v\u0161ak je, \u017ee moje rozhodnutie pre slu\u017ebu far\u00e1ra, kazate\u013ea Bo\u017eieho slova, dozrelo v druhom ro\u010dn\u00edku na SV\u0160. Po maturite v r.1967 som bol u\u017e \u0161tudent SEBF. Po jej skon\u010den\u00ed som bol spolu s tromi kon\u0161kol\u00e1kmi  23. 9. 1972 na Myjave ordinovan\u00fd. Ani jeden z n\u00e1s v\u0161ak nedostal hne\u010f tzv. \u0161t\u00e1tny s\u00fahlas k duchovnej slu\u017ebe. Ja som mohol nast\u00fapi\u0165 na miesto biskupsk\u00e9ho kapl\u00e1na v Ko\u0161iciah a\u017e tesne pred Vianocami. (23.12.1972) Po dvoch rokoch kapl\u00e1nskej slu\u017eby som sa stal n\u00e1mestn\u00fdm far\u00e1rom v Sv\u00e4toplukove a pred vy\u0161e 32-mi rokmi far\u00e1rom tu v Soboti\u0161ti. V\u017edy mi boli bl\u00edzke a plne zrozumite\u013en\u00e9 slov\u00e1 proroka Jeremi\u00e1\u0161a, ktor\u00fd v istej chv\u00edli vyznal: \u201d Zv\u00e1bil si ma, Hospodine, a ja som sa dal zv\u00e1bi\u0165, uchopil si ma a premohol&#8230;\u201d.<\/p>\n<p>    P\u00e1n Boh dal Jeremi\u00e1\u0161ovi na vedomie, \u017ee ho poznal a vyvolil si ho za k\u0148aza a potom za proroka \u201cprv, ako ho utvoril v \u017eivote matky\u201d. Prv, ako sa narodil ho posv\u00e4til. U\u017e v mladosti ho poslal hovori\u0165 Jeho slovo \u013eudu izraelsk\u00e9mu, ale aj in\u00fdm n\u00e1rodom. Iste to nebola \u013eahk\u00e1 \u00faloha a Jeremi\u00e1\u0161 sa sk\u00fa\u0161al \u201cvyzu\u0165\u201d z tohoho poverenia, hovoriac, \u017ee je primlad\u00fd. Hospodin mu v\u0161ak riekol: \u201dNehovor, som primlad\u00fd. Ale cho\u010f ku komuko\u013evek \u0165a po\u0161lem a hl\u00e1saj v\u0161etko, \u010do ti rozk\u00e1\u017eem!\u201d<br \/>\n       Rozhoduj\u00face je, aby ten, kto je povolan\u00fd, kto po\u010duje, citi a pozn\u00e1va svoje vn\u00fatorn\u00e9 povolanie, plnil ho ako Bo\u017e\u00ed vyslanec verne. Aby nehl\u00e1sal nikdy seba, neh\u013eadal svoj \u00faspech, \u010di prospech, ale aby bol vern\u00fd v hl\u00e1san\u00ed slova Bo\u017eieho. P\u00e1n Boh mu povedal:<br \/>\n   \u201d Pozri sa, dnes som \u0165a ustanovil nad n\u00e1rodmi a kr\u00e1\u013eovstvami, aby si vyt\u0155hal a r\u00facal, hubil a b\u00faral, &#8211; aby si staval a sadil\u201d. <\/p>\n<p>       Tieto slov\u00e1 s\u00fa d\u00f4le\u017eit\u00e9, pre ka\u017ed\u00e9ho povolan\u00e9ho a Bohom poslan\u00e9ho slu\u017eobn\u00edka, po\u010dn\u00fac od prorokov, cez apo\u0161tolov v ich \u0161pecifickej a osobitnej slu\u017ebe a potom aj v slu\u017ebe ka\u017ed\u00e9ho povolan\u00e9ho biskupa, far\u00e1ra, diakona, a ka\u017ed\u00e9ho in\u00e9ho cirkevn\u00e9ho slu\u017eobn\u00edka.<br \/>\n      Akoko\u013evek sa m\u00f4\u017ee niekomu javi\u0165 slovo o vyt\u0155han\u00ed, r\u00facan\u00ed, huben\u00ed a b\u00faran\u00ed tvrd\u00e9, pr\u00edkre a neprimeran\u00e9, ist\u00e9 je, \u017ee Boh pozn\u00e1 tento svet a \u013eudsk\u00e9 srdcia, do ktor\u00fdch sa m\u00e1 sia\u0165 Bo\u017eie slovo. Nie je mo\u017en\u00e9 sia\u0165, \u010di sadi\u0165 do zaburinenej a v\u0161elijak\u00fdmi \u201cbaobabmi\u201d,  (Exupery) zarastenej p\u00f4dy. Do mysl\u00ed, ktor\u00e9 s\u00fa pln\u00e9 svetsk\u00fdch a \u010dasto aj diabolsk\u00fdch my\u0161lienok. Do sp\u00f4sobov, \u010di my\u0161lienkov\u00fdch kon\u0161trukci\u00ed tohoto sveta v srdci \u010dloveka. Kde sa najprv neb\u00fara, nevyt\u0155ha, nemo\u017eno sia\u0165 nov\u00e9, u\u0161\u013eachtil\u00e9 semeno. Ak \u013eudia neurobia pok\u00e1nie, dotknut\u00ed slovom Bo\u017eieho z\u00e1kona, \u0165a\u017eko im je, ak v\u00f4bec, po\u017eehnane prija\u0165 slovo evanjelia. Ako aj Je\u017ei\u0161 hovor\u00ed v zn\u00e1mom podobenstve o \u0161tvorakej p\u00f4de: spoluvzrastl\u00e9 t\u0155nie a burina semeno Bo\u017eieho slova udus\u00ed a prerastie. (Mt 3 nn)Tak\u00e1 sejba je ne\u00fa\u010dinn\u00e1 a zbyto\u010dn\u00e1.<\/p>\n<p>     Probl\u00e9m pre povolan\u00fdch a poslan\u00fdch je v\u0161ak to, \u010do Jeremi\u00e1\u0161 , ale aj mnoh\u00ed in\u00ed povedali ve\u013emi jasne, ba mo\u017eno a\u017e pr\u00edli\u0161 jasne. Ak sa to deje, \u017ee sa Bo\u017e\u00ed z\u00e1kon a Bo\u017eie slovo u\u010d\u00ed verne a \u010disto, neprin\u00e1\u0161a to samotn\u00e9mu hl\u00e1sate\u013eovi nijak\u00fa sl\u00e1vu, \u010dasto ani v\u010faku, \u010di \u00factu \u201cdvojctihodn\u00e9ho slu\u017eobn\u00edka. Jeremi\u00e1\u0161 hovor\u00ed: \u201cSom ter\u010dom posmechu cel\u00fd \u010das, ka\u017ed\u00fd ma vysmieva. Len \u010do sa ozvem, mus\u00edm vykr\u00edknu\u0165: N\u00e1silie a skaza! &#8211; vola\u0165. Lebo slovo Bo\u017eie mi sl\u00fa\u017ei na hanu a v\u00fdsmech cel\u00fd \u010das\u201d.<br \/>\n      Ani nositelia radostnej zvesti, blahozvestovia na zr\u00facanin\u00e1ch Jeruzalema, hoci  ich kroky \u201cboli vz\u00e1cne na vrchoch \u201d  (Iz 52, 7nn) to nemali jednoduch\u00e9. Izai\u00e1\u0161 sa za v\u0161etk\u00fdch p\u00fdta: \u201cKto uveril na\u0161ej zvesti a na kom bol vyjaven\u00fd z\u00e1sah Hospodinov?\u201d (Iz 53, 1)  Potom spieva piese\u0148 o trpiacom Bo\u017eom Slu\u017eobn\u00edkovi, ktor\u00e1 naplno a presne vystihuje aj \u00fadel Bohom poslan\u00e9ho a inkarnov\u00e9ho Mesi\u00e1\u0161a.<\/p>\n<p>     Preto aj P\u00e1n Je\u017ei\u0161 t\u00fdch, ktor\u00fdch si povolal a potom aj poslal do cel\u00e9ho sveta ( Mat 28) pripravoval a v\u00e1\u017ene ich upozor\u0148oval na \u201c\u00fazku cestu a tesn\u00fa br\u00e1nu\u201d. (Mt 7, 13-14) Viacer\u00fdch, ktor\u00ed sa Je\u017ei\u0161ovi pon\u00fakali za u\u010den\u00edkov a pr\u00edpadn\u00fdch apo\u0161tolov, odmietol so slovami:\u201d L\u00ed\u0161ky maj\u00fa d\u00fap\u00e4t\u00e1 a nebesk\u00ed vt\u00e1ci hniezda, ale Syn \u010dloveka nem\u00e1, kde by sklonil hlavu\u201d (Lk 9, 58)  A in\u00e9mu, \u010do d\u00e1val prednos\u0165 spolo\u010densk\u00fdm konvenciam, povedal: \u201dNech si m\u0155ti pochov\u00e1vaj\u00fa svojich m\u0155tvych, ale ty cho\u010f a zvestuj kr\u00e1\u013eovstvo Bo\u017eie!\u201d (v. 60) Tomu, \u010do sa chcel najsk\u00f4r rozl\u00fa\u010di\u0165 s dom\u00e1cimi, povedal: \u201dKto polo\u017e\u00ed ruku na pluh a obzer\u00e1 sa sp\u00e4\u0165, nehod\u00ed sa pre kr\u00e1\u013eovstvo Bo\u017eie\u201d  (v.62 b) Aj bohat\u00fd ml\u00e1denec odi\u0161iel od Neho smutn\u00fd!<br \/>\n      N\u00e1ro\u010dnos\u0165 cesty nasledovania P\u00e1n Je\u017ei\u0161 nezaml\u010dal. V\u0161eobecne plat\u00ed pre v\u0161etk\u00fdch povolan\u00fdch, \u017ee kto m\u00e1 rad\u0161ej \u010dloveka ako Jeho, nem\u00f4\u017ee Mu by\u0165 u\u010den\u00edkom\u201d (Lk 14, 26)  \u201cA kto ide za mnou a nenesie svoj kr\u00ed\u017e, nem\u00f4\u017ee mi by\u0165 u\u010den\u00edkom\u201d. (Lk 14,27 a pod.) Preto hovoril otvorene o tom, \u017ee ka\u017ed\u00fd, kto chce \u201cstava\u0165 ve\u017eu, m\u00e1 si vopred  spo\u010d\u00edta\u0165 svoje n\u00e1klady, aby zistil, \u010di bude ma\u0165 z \u010doho ve\u017eu dostavi\u0165, aby nevy\u0161iel na posmech\u201d. Alebo urobi\u0165 podobne, ako kr\u00e1\u013e, ke\u010f tiahne do boja proti in\u00e9mu kr\u00e1\u013eovi. Najprv m\u00e1 re\u00e1lne zhodni\u0165 svoje sily\u201d. (Vi\u010f:  Lk 14,28-32)<br \/>\n        Pripravenos\u0165 k neseniu osobn\u00e9ho kr\u00ed\u017ea je tam, kde je vedomie,  \u017ee \u201cevanjelim o Kristu je \u017didom poho\u0161en\u00edm a pohanom bl\u00e1znovstom\u201d. ( 1 Kor 1 nn ) Pre u\u010den\u00edkov bolo naj\u0165a\u017e\u0161ie prija\u0165 to, \u017ee aj s\u00e1m Syn \u010dloveka mus\u00ed trpie\u0165 a potom zomrie\u0165, ako to bolo v P\u00edsme predpovedan\u00e9 a nap\u00edsan\u00e9. Vieme o ich sklaman\u00ed, bezn\u00e1deji a z\u00fafalstve po udalostaich Ve\u013ek\u00e9ho piatku. Za v\u0161etk\u00fdch to vyjadrili emausk\u00ed v zn\u00e1mych slov\u00e1ch: \u201dA my sme sa \u00fafali, \u017ee On vyk\u00fapi Izreal a h\u013ea, u\u017e je tret\u00ed de\u0148, ako sa  to v\u0161etko  stalo\u201d. (Lk 24, 21)<\/p>\n<p>    Dnes, \u010dasto po\u010dujeme slov\u00e1 o duchovnom \u201cvyhoren\u00ed\u201d \u013eud\u00ed  v rozli\u010dn\u00fdch povolaniach. Po\u010d\u00favame neraz aj o \u201c vyhoren\u00ed \u201c, alebo nejakom zlyhan\u00ed aj duchovn\u00fdch pracovn\u00edkov.<br \/>\n       V\u0161eobecne platia ur\u010dit\u00e9 pou\u010dky a sk\u00fasenosti, ktor\u00e9 do ur\u010ditej miery m\u00f4\u017eu pom\u00f4c\u0165  aj n\u00e1m, duchovn\u00fdm, far\u00e1rom a kazate\u013eom, ktor\u00ed c\u00edtili a c\u00edtia vn\u00fatorn\u00e9 povolanie. Treba by\u0165 dobre z\u00e1soben\u00ed tou pravou duchovnou energiou, aby sme \u201cnevyhoreli\u201d, nezlyhali, alebo jednoducho nedezertovali z na\u0161ej slu\u017eby. Aj v cirkevnej slu\u017ebe plat\u00ed: \u201cKto je pripraven\u00fd, nie je ohrozen\u00fd\u201d!  Alebo in\u00e9 zn\u00e1me slovo: \u201c\u0164a\u017eko na cvi\u010disku, \u013eahko na bojisku\u201d. <\/p>\n<p>      NZ jasne ukazuje, \u017ee Je\u017ei\u0161 sk\u00f4r ako u\u010den\u00edkov povolal a poslal do sveta, najsk\u00f4r ich postupne u\u010dil a d\u00e1val im pozn\u00e1va\u0165 svoju moc i pomoc. Zjavne to vidie\u0165 pri zn\u00e1mom bohatom loven\u00ed r\u00fdb. Sk\u00f4r ako povedal Petrovi a ostatn\u00fdm: \u201cOdrazte na hlbinu, spus\u0165te siete a lovte\u201d, P\u00e1n Je\u017ei\u0161 u\u010dil z\u00e1stupy i u\u010den\u00edkov. Tak po\u010duli aj oni Jeho slovo. Jeho Slovo je tou najv\u00e4\u010d\u0161ou mocou a pomocu pre kad\u00e9ho povolan\u00e9ho.<\/p>\n<p>      Pre cirkev i pre n\u00e1s far\u00e1rov s\u00fa to v\u017edy Slu\u017eby Bo\u017eie, po\u010d\u00favanie slova Bo\u017eieho, ale aj \u201cl\u00e1manie chleba\u201d, t.j.Ve\u010dera P\u00e1nova, ako vidite\u013en\u00e9 slovo, aby sme poznali pr\u00edtomnos\u0165 a pomoc vzkriesen\u00e9ho Je\u017ei\u0161a Krista a tak Bo\u017eiu moc a milos\u0165.<br \/>\n    S\u00fa to aj spolo\u010dn\u00e9 modlitby  cirkvi, rodiny, i ka\u017ed\u00e9ho jednotlivca, ktor\u00e9 \u201cdr\u017eia\u201d t\u00fdch, \u010do maj\u00fa sl\u00fa\u017ei\u0165 in\u00fdm. P\u00e1n povolal svojich u\u010den\u00edkov po str\u00e1venej noci v rozhovore s Otcom nebesk\u00fdm. Preto aj svojim nasledovn\u00edkom odk\u00e1zal: \u201cProste p\u00e1na \u017eatvy, aby vyslal svojich pracovn\u00edkov na svoju \u017eatvu\u201d.<\/p>\n<p>     Zn\u00e1me je obr\u00e1tenie a potom povolanie a vyslanie Pavlovo.  Ale aj jeho u\u010dil najsk\u00f4r Je\u017ei\u0161!  Ako? &#8211;  Predsa u\u017e vtedy, ke\u010f sa stret\u00e1val s veriacimi, ke\u010f kres\u0165anov vypo\u010d\u00faval a s\u00fadil ako farizej. Ba u\u017e vtedy, ke\u010f sledoval kame\u0148ovanie \u0160tefana a jeho modlitby a zomieranie v n\u00e1deji v osl\u00e1ven\u00e9ho Krista.  Ako Saul s\u00edce e\u0161te nevidel naplno ako si Ho Je\u017ei\u0161 s\u00e1m pripravuje a vedie. Potom ho ale zastavil a zb\u00faral jeho istoty. Ale sk\u00f4r, ako bol poslan\u00fd k pohanom a \u017didom, mal svojho u\u010dite\u013ea, Anani\u00e1\u0161a, Kristom pripraven\u00e9ho, ktor\u00fd Pavla u\u010dil, potom pokrstil a pripravil do slu\u017eby.<br \/>\n       Nikto sa neobr\u00e1ti s\u00e1m a nikto sa s\u00e1m ani nepovol\u00e1, a ani nepo\u0161le od slu\u017eby, ak je jeho obr\u00e1tenie a povolanie prav\u00e9, a vyslanie skuto\u010dn\u00e9.<\/p>\n<p>      St\u00e1\u0165 na pravom prorockom a apo\u0161tolskom z\u00e1klade, znamen\u00e1 u\u010di sa od ich a vyzn\u00e1va\u0165  v\u017edy tak, ako Jeremi\u00e1\u0161: \u201c Zv\u00e1bil si ma, Hospodine, a ja som sa dal zv\u00e1bi\u0165, uchopil si ma  a premohol\u201d.<br \/>\nAj ke\u010f Jeremi\u00e1\u0161  mierou vrchovatou ok\u00fasil prenasledovanie a napokon i mu\u010den\u00edcku smr\u0165, vyznal: \u201cHospodin je so mnou ako mocn\u00fd hrdina\u201d!  O v\u0161etkom zak\u00fasenom pr\u00edkor\u00ed vyznal: \u201cTebe som post\u00fapil svoj spor&#8230;\u201d.<\/p>\n<p>     P\u00e1n Je\u017ei\u0161 svojich u\u010den\u00edkov, ktor\u00fdch povolal, poslal hl\u00e1sa\u0165  evanjelium i vyh\u00e1\u0148a\u0165 d\u00e9monov, povzbudil slovami: \u201cVidel som satana ako blesk pada\u0165 z neba\u201d. N\u00e1\u0161 \u017ealobca a nepriate\u013e nem\u00e1 v nebi nijak\u00fa moc. A ak sme s Kristom spojen\u00ed, nem\u00e1 ju ani nad nami. \u201cNikto a ni\u010d, nijak\u00e1 moc a mocnos\u0165 n\u00e1s nem\u00f4\u017ee odl\u00fa\u010di\u0165 od l\u00e1sky Bo\u017eej, ktor\u00e1 je v Kristu Je\u017ei\u0161i\u201d. (R 8)  A ak e\u0161te hroz\u00ed, vieme, \u017ee :\u201cSlov\u00ed\u010dko ho poraz\u00ed\u201d! (ESP 263, 3v.)<\/p>\n<p>     Zajtra\u0161\u00ed sviatok Vst\u00fapenia n\u00e1m pripom\u00edna d\u00f4le\u017eit\u00e9 zas\u013e\u00fabenie! Kristus P\u00e1n vst\u00fapil do plnej moci a sl\u00e1vy Otca (sed\u00ed na Jeho pravici).  On n\u00e1m, i celej cirkvi v\u0161ak odkazuje: \u201cAjh\u013ea, ja som s vami, po v\u0161etky dni, a\u017e do konca sveta\u201d.( Mk 16)  Preto, ak sme sa dali zv\u00e1bi\u0165, prem\u00f4c\u0165 Jeho slovom, nie sme sami, ani bez pomoci, lebo je n\u00e1m pon\u00faknut\u00e1 pomoc \u201czhora\u201d. <\/p>\n<p>     Tu by som u\u017e r\u00e1d skon\u010dil, chcem v\u0161ak pripomen\u00fa\u0165 okrem d\u00f4le\u017eitosti  povolania vn\u00fatorn\u00e9ho, aj v\u00fdznam a hodnotu \u201cvonkaj\u0161ieho povolania\u201d. Ono poch\u00e1dza z cirkvi, o ktorej ver\u00edme, \u017ee je \u013eudom Bo\u017e\u00edm. Cirkev je P\u00e1nova! Preto jej povolanie a hodnotu nem\u00f4\u017eme nikdy podceni\u0165. <\/p>\n<p>     A celkom na z\u00e1ver e\u0161te jedno sobn\u00e9 svedectvo.<br \/>\n      Cirkev v malom, to s\u00fa aj na\u0161i najbli\u017e\u0161\u00ed. To je dar rodiny, ktor\u00e1 je rodinou pod\u013ea Bo\u017eieho slova. Ona pln\u00ed a m\u00f4\u017ee plni\u0165 t\u00fa d\u00f4le\u017eit\u00fa pr\u00edpravn\u00fa, \u201cann\u00e1\u0161ovsk\u00fa\u201d slu\u017ebu. Osobne som P\u00e1nu Bohu v\u010fa\u010dn\u00fd aj za svoju rodinu a za slu\u017ebu t\u00fdch, ktor\u00ed ma u\u017e predi\u0161li do ve\u010dnosti. Boli to star\u00ed rodi\u010dia, rodi\u010dia a mnoh\u00ed \u010fal\u0161\u00ed. Som v\u010fa\u010dn\u00fd i za t\u00fdch, ktor\u00ed s\u00fa pri mne dnes. Je to najm\u00e4 moja man\u017eelka, potom synovia, ktor\u00ed vyr\u00e1stli okolo n\u00e1\u0161ho stola ( \u017d 128) a dnes n\u00e1s pekne z\u00e1sobuj\u00fa \u201c mlad\u00fdmi olivami\u201d. Tak\u017ee m\u00f4\u017eem vyzna\u0165 popri Jeremi\u00e1\u0161ovom slove: \u201dZv\u00e1bil si ma Hospodine a ja som sa dal zv\u00e1bi\u0165\u201d aj \u010fal\u0161ie: \u201dTu som, Pane, i deti, ktor\u00e9 si mi dal\u201d. Amen<\/p>\n<p>                                     (Soboti\u0161te 28.5.2014 &#8211; Pr\u00edhovor k\u0148azom na SPK MyS &#8211; \u013d. Batka st.)<\/p>\n","protected":false},"excerpt":{"rendered":"<p>O povolan\u00ed Jeremi\u00e1\u0161 20, 7: \u201dZv\u00e1bil si ma, Hospodine, a ja som dal zv\u00e1bi\u0165, uchopil si ma a premohol&#8230;\u201d. Amen Mil\u00ed bratia a sestry v P\u00e1novi Je\u017ei\u0161ovi Kristovi! Na \u00favod by som chcel poveda\u0165 nie\u010do ve\u013emi osobn\u00e9. Raz mi ist\u00fd olt\u00e1rny spolubrat hovoril s dojat\u00edm a otcovskou hrdos\u0165ou: \u201dM\u00f4j syn, mal len asi 6 rokov, &#8230; <a title=\"O povolan\u00ed\" class=\"read-more\" href=\"https:\/\/www.e-anjelik.sk\/index.php\/2014\/07\/19\/o-povolani\/\" aria-label=\"Pre\u010d\u00edtajte si viac o O povolan\u00ed\">\u010c\u00edta\u0165 viac<\/a><\/p>\n","protected":false},"author":4,"featured_media":0,"comment_status":"open","ping_status":"open","sticky":false,"template":"","format":"standard","meta":{"footnotes":""},"categories":[6,95],"tags":[],"class_list":["post-5617","post","type-post","status-publish","format-standard","hentry","category-myjavsky-seniorat","category-sobotiste"],"_links":{"self":[{"href":"https:\/\/www.e-anjelik.sk\/index.php\/wp-json\/wp\/v2\/posts\/5617","targetHints":{"allow":["GET"]}}],"collection":[{"href":"https:\/\/www.e-anjelik.sk\/index.php\/wp-json\/wp\/v2\/posts"}],"about":[{"href":"https:\/\/www.e-anjelik.sk\/index.php\/wp-json\/wp\/v2\/types\/post"}],"author":[{"embeddable":true,"href":"https:\/\/www.e-anjelik.sk\/index.php\/wp-json\/wp\/v2\/users\/4"}],"replies":[{"embeddable":true,"href":"https:\/\/www.e-anjelik.sk\/index.php\/wp-json\/wp\/v2\/comments?post=5617"}],"version-history":[{"count":0,"href":"https:\/\/www.e-anjelik.sk\/index.php\/wp-json\/wp\/v2\/posts\/5617\/revisions"}],"wp:attachment":[{"href":"https:\/\/www.e-anjelik.sk\/index.php\/wp-json\/wp\/v2\/media?parent=5617"}],"wp:term":[{"taxonomy":"category","embeddable":true,"href":"https:\/\/www.e-anjelik.sk\/index.php\/wp-json\/wp\/v2\/categories?post=5617"},{"taxonomy":"post_tag","embeddable":true,"href":"https:\/\/www.e-anjelik.sk\/index.php\/wp-json\/wp\/v2\/tags?post=5617"}],"curies":[{"name":"wp","href":"https:\/\/api.w.org\/{rel}","templated":true}]}}