{"id":5621,"date":"2014-07-22T22:12:13","date_gmt":"2014-07-22T22:12:13","guid":{"rendered":"http:\/\/e-anjelik.sk\/?p=5621"},"modified":"2014-07-22T22:12:13","modified_gmt":"2014-07-22T22:12:13","slug":"ivan-kadlecik-zomrel","status":"publish","type":"post","link":"https:\/\/www.e-anjelik.sk\/index.php\/2014\/07\/22\/ivan-kadlecik-zomrel\/","title":{"rendered":"Ivan Kadle\u010d\u00edk zomrel"},"content":{"rendered":"<p>Syn evanjelickej fary, b\u00e1snik, prozaik a eseista, posledn\u00fd velik\u00e1n z prostredia samizdatovej literat\u00fary zomrel.<br \/>\n       Svoj \u010dasn\u00fd \u017eivot dokonal v Pukanci 15. j\u00fala 2014. Narodil sa v Modre 8.apr\u00edla 1938. \u0160tudoval na FFUK v Bratislave sloven\u010dinu a talian\u010dinu. Po absolvovan\u00ed \u0161t\u00fadia v r.1961 za\u010dal pracova\u0165 v Ko\u0161iciach v Mestskom arch\u00edve, nesk\u00f4r v krajskej redakcii denn\u00edka Pravda. V rokoch 1968- 1970 bol \u0161\u00e9fredaktorom kult\u00farneho dvojt\u00fd\u017edenn\u00edka Mati\u010dn\u00e9 \u010d\u00edtanie v Martine.<br \/>\n    Pre jeho politick\u00e9 postoje ho prepustili zo zamestnania, vyl\u00fa\u010dili zo Zv\u00e4zu slovesnk\u00fdch spisovate\u013eov i z komunistickej strany. &#8222;Bol som chv\u00ed\u013eu \u010dlenom strany. M\u00f4\u017eem to pova\u017eova\u0165 za svoju chybu, pr\u00edpadne vinu &#8211; alebo aj nemus\u00edm. Je to zlo\u017eitej\u0161\u00ed probl\u00e9m a \u017eiadal by si dlh\u0161iu re\u010d, anal\u00fdzu, fakty i konkr\u00e9tne s\u00favislosti. Sudcom je vlastn\u00e9 svedomie&#8220; &#8211; povedal o tomto svojom kroku. Fakt je , \u017ee sa t\u00fdm dostal do ur\u010ditej izol\u00e1cie a vn\u00fatornej emigr\u00e1cie. Odp\u00fatal sa od vtedaj\u0161ej kritickej reflexie a in\u0161pira\u010dn\u00fdm zdrojom sa mu stal vlastn\u00fd \u00fadel.<\/p>\n<p>      Jedine\u010dn\u00fdmm sp\u00f4sobom nar\u00e1bal so slovom a objavoval nekone\u010dn\u00e9 mo\u017enosti rodn\u00e9ho jazyka. &#8222;Sloven\u010dina je dnes u\u017e kone\u010dne modern\u00fd, s\u00fdty a presn\u00fd, samostatn\u00fd jazyk. R\u00e1no sa trasiem od strachu, \u017ee ho zni\u010dia politici, moder\u00e1roti a \u017eurnalisti, a ve\u010de rsi poviem, \u017ee \u017eiv\u017e organizmus m\u00e1 imunitu. Niekedy aj choroba je ozdraven\u00edm&#8220;- povedal.<br \/>\n     Bol s\u00fa\u010das\u0165ou kruhu \u010desk\u00fdch a slovensk\u00fdch samizdatov\u00fdch autorov a vo Vacul\u00edkovej ed\u00edcii Petice vydal:<br \/>\n     Re\u010di z n\u00ed\u017einy (1973)  a Tv\u00e1re a oslovenia (1974),kni\u017ene 1990.<\/p>\n<p> Dobov\u00fa slovensk\u00fa realitu komentoval v Raps\u00f3diach a miniat\u00farach, samizdat 1 zv.1981, 2.zv.1987 &#8211; kni\u017ene Kol\u00edn nad R\u00fdnom 1988, Brno 1922\/.<br \/>\n     Jeho kore\u0161podencia s Ludv\u00edkom Vacul\u00edkom a Otom Filipom vy\u0161la pod n\u00e1zvom Poco rubato (1944).<\/p>\n<p>Pr\u00f3za: L\u00edstoky (1999), Spytovanie (2010)<br \/>\nPo\u00e9zia: Srdce sa vol\u00e1 \u0148 (1994)<br \/>\nEseje:  Dvan\u00e1s\u0165 (1989), Vlastn\u00fd horoskop (1991), Epi\u0161toly (1992), Poco rubato (1994), Hlavolamy (1995), Vlani ako dnes (1997), Mal\u00e9 prel\u00fadia (2000), Lunenie (2004), Taroky (2004), Chronoskop, Matka v\u0161etk\u00fdch slov (2007), Dnes (2008), \u0160koda kni\u017eke nepredanej le\u017ea\u0165 (2009), Iskra v studenej pahrebe (2012),<br \/>\nOdborn\u00e1 literat\u00farta: \u017di\u0165 sa d\u00e1 len autobiograficky (2004), Slovensko \/Slovensko \u010darovn\u00e1 krajina\/Fairy land (2005)<br \/>\nLiter\u00e1rna veda: Z re\u010d\u00ed v n\u00ed\u017ein\u00e1ch (1971), Re\u010di z n\u00ed\u017einy (1973_ v samizdate), Tv\u00e1re a oslovenia (1990)<\/p>\n<p>     Od r.1972 a\u017e do svojej smrti \u017eil Ivan Kadle\u010d\u00edk v Pukanci. Tu tvoril, prij\u00edmal priate\u013eov i hral na organe v evanjelickom kostole. Ako povedal L.Vacul\u00edk, i\u0161lo o spisovate\u013ea eur\u00f3pskeho form\u00e1tu.<br \/>\n     Z\u00edskal Cenu Dominika Tatarku, Cenu ministra kult\u00fary, Rad \u013dudo\u00edta \u0160t\u00fara II.triedy, Cenu J\u00e1na Lango\u0161a a od ECAV Cenu Leonarda Stockela v r.2012.<br \/>\nP\u00e1n ho povolal na ve\u010dnos\u0165 vo veku 76 rokov. Pochovan\u00fd bol 19.7.2014 v Pukanci. Nech ho osl\u00e1vi Kristus P\u00e1n!<\/p>\n","protected":false},"excerpt":{"rendered":"<p>Syn evanjelickej fary, b\u00e1snik, prozaik a eseista, posledn\u00fd velik\u00e1n z prostredia samizdatovej literat\u00fary zomrel. Svoj \u010dasn\u00fd \u017eivot dokonal v Pukanci 15. j\u00fala 2014. Narodil sa v Modre 8.apr\u00edla 1938. \u0160tudoval na FFUK v Bratislave sloven\u010dinu a talian\u010dinu. Po absolvovan\u00ed \u0161t\u00fadia v r.1961 za\u010dal pracova\u0165 v Ko\u0161iciach v Mestskom arch\u00edve, nesk\u00f4r v krajskej redakcii denn\u00edka Pravda. &#8230; <a title=\"Ivan Kadle\u010d\u00edk zomrel\" class=\"read-more\" href=\"https:\/\/www.e-anjelik.sk\/index.php\/2014\/07\/22\/ivan-kadlecik-zomrel\/\" aria-label=\"Pre\u010d\u00edtajte si viac o Ivan Kadle\u010d\u00edk zomrel\">\u010c\u00edta\u0165 viac<\/a><\/p>\n","protected":false},"author":4,"featured_media":0,"comment_status":"open","ping_status":"open","sticky":false,"template":"","format":"standard","meta":{"footnotes":""},"categories":[1],"tags":[],"class_list":["post-5621","post","type-post","status-publish","format-standard","hentry","category-adventna-modlitba"],"_links":{"self":[{"href":"https:\/\/www.e-anjelik.sk\/index.php\/wp-json\/wp\/v2\/posts\/5621","targetHints":{"allow":["GET"]}}],"collection":[{"href":"https:\/\/www.e-anjelik.sk\/index.php\/wp-json\/wp\/v2\/posts"}],"about":[{"href":"https:\/\/www.e-anjelik.sk\/index.php\/wp-json\/wp\/v2\/types\/post"}],"author":[{"embeddable":true,"href":"https:\/\/www.e-anjelik.sk\/index.php\/wp-json\/wp\/v2\/users\/4"}],"replies":[{"embeddable":true,"href":"https:\/\/www.e-anjelik.sk\/index.php\/wp-json\/wp\/v2\/comments?post=5621"}],"version-history":[{"count":0,"href":"https:\/\/www.e-anjelik.sk\/index.php\/wp-json\/wp\/v2\/posts\/5621\/revisions"}],"wp:attachment":[{"href":"https:\/\/www.e-anjelik.sk\/index.php\/wp-json\/wp\/v2\/media?parent=5621"}],"wp:term":[{"taxonomy":"category","embeddable":true,"href":"https:\/\/www.e-anjelik.sk\/index.php\/wp-json\/wp\/v2\/categories?post=5621"},{"taxonomy":"post_tag","embeddable":true,"href":"https:\/\/www.e-anjelik.sk\/index.php\/wp-json\/wp\/v2\/tags?post=5621"}],"curies":[{"name":"wp","href":"https:\/\/api.w.org\/{rel}","templated":true}]}}