{"id":5622,"date":"2014-07-23T12:42:03","date_gmt":"2014-07-23T12:42:03","guid":{"rendered":"http:\/\/e-anjelik.sk\/?p=5622"},"modified":"2014-07-23T12:42:03","modified_gmt":"2014-07-23T12:42:03","slug":"expozicia-m-r-stefanika-je-opat-otvorena","status":"publish","type":"post","link":"https:\/\/www.e-anjelik.sk\/index.php\/2014\/07\/23\/expozicia-m-r-stefanika-je-opat-otvorena\/","title":{"rendered":"Expoz\u00edcia M.R.\u0160tef\u00e1nika je op\u00e4\u0165 otvoren\u00e1"},"content":{"rendered":"<p>21.j\u00fala 2014- v de\u0148 134.v\u00fdro\u010dia narodenia Milana Rastislava \u0160tef\u00e1nika,<br \/>\npo trojmesa\u010dnej prest\u00e1vke sp\u00f4sobenej rekon\u0161truk\u010dn\u00fdmi pr\u00e1cami bola op\u00e4\u0165 spr\u00edstupnen\u00e1 expoz\u00edcia M.R.\u0160teef\u00e1nikav jeho rodisku v starej evanj. fare na Ko\u0161arisk\u00e1ch.<br \/>\n    V\u00fdstavu otvorila p.riadite\u013eka Slovensk\u00e9ho n\u00e1rodn\u00e9ho m\u00fazea (SNM) &#8211; M\u00fazea SNR v Myjave Alena Petr\u00e1kov\u00e1.<br \/>\nN\u00e1v\u0161tevn\u00edci m\u00f4\u017eu uvidie\u0165 r\u00f4zne predmety, ktor\u00e9 sa via\u017eu k \u017eivotu a trgickej smrti M.R.\u0160tef\u00e1nika. Predmety z detstva, \u0161tudentsk\u00fdch rokov a mnoho predmetov, ktor\u00e9 sved\u010dia o jeho mnohostrann\u00fdch z\u00e1\u013eub\u00e1ch a profesii z oblasti vedy &#8211; atronomie, umenia, zbierok z cudzokrajnej etnografie, ale aj r\u00f4zne predmety z hav\u00e1rie lietadla a gener\u00e1lsku uniformu a in\u00e9.<\/p>\n<p>      Z m\u00fazea sa d\u00e1 pohodlne \u00eds\u0165 na Bradlo autom cez Brezov\u00fa pod Bradlom, alebo  historickoucestou smeorm na Priepasn\u00e9 pod \u00fap\u00e4tie Bradla a \u010falej pe\u0161o a\u017e k mohyle (cca 1\/2 hodiny).<\/p>\n","protected":false},"excerpt":{"rendered":"<p>21.j\u00fala 2014- v de\u0148 134.v\u00fdro\u010dia narodenia Milana Rastislava \u0160tef\u00e1nika, po trojmesa\u010dnej prest\u00e1vke sp\u00f4sobenej rekon\u0161truk\u010dn\u00fdmi pr\u00e1cami bola op\u00e4\u0165 spr\u00edstupnen\u00e1 expoz\u00edcia M.R.\u0160teef\u00e1nikav jeho rodisku v starej evanj. fare na Ko\u0161arisk\u00e1ch. V\u00fdstavu otvorila p.riadite\u013eka Slovensk\u00e9ho n\u00e1rodn\u00e9ho m\u00fazea (SNM) &#8211; M\u00fazea SNR v Myjave Alena Petr\u00e1kov\u00e1. N\u00e1v\u0161tevn\u00edci m\u00f4\u017eu uvidie\u0165 r\u00f4zne predmety, ktor\u00e9 sa via\u017eu k \u017eivotu a trgickej smrti &#8230; <a title=\"Expoz\u00edcia M.R.\u0160tef\u00e1nika je op\u00e4\u0165 otvoren\u00e1\" class=\"read-more\" href=\"https:\/\/www.e-anjelik.sk\/index.php\/2014\/07\/23\/expozicia-m-r-stefanika-je-opat-otvorena\/\" aria-label=\"Pre\u010d\u00edtajte si viac o Expoz\u00edcia M.R.\u0160tef\u00e1nika je op\u00e4\u0165 otvoren\u00e1\">\u010c\u00edta\u0165 viac<\/a><\/p>\n","protected":false},"author":4,"featured_media":0,"comment_status":"open","ping_status":"open","sticky":false,"template":"","format":"standard","meta":{"footnotes":""},"categories":[171],"tags":[],"class_list":["post-5622","post","type-post","status-publish","format-standard","hentry","category-kosariska-priepasne"],"_links":{"self":[{"href":"https:\/\/www.e-anjelik.sk\/index.php\/wp-json\/wp\/v2\/posts\/5622","targetHints":{"allow":["GET"]}}],"collection":[{"href":"https:\/\/www.e-anjelik.sk\/index.php\/wp-json\/wp\/v2\/posts"}],"about":[{"href":"https:\/\/www.e-anjelik.sk\/index.php\/wp-json\/wp\/v2\/types\/post"}],"author":[{"embeddable":true,"href":"https:\/\/www.e-anjelik.sk\/index.php\/wp-json\/wp\/v2\/users\/4"}],"replies":[{"embeddable":true,"href":"https:\/\/www.e-anjelik.sk\/index.php\/wp-json\/wp\/v2\/comments?post=5622"}],"version-history":[{"count":0,"href":"https:\/\/www.e-anjelik.sk\/index.php\/wp-json\/wp\/v2\/posts\/5622\/revisions"}],"wp:attachment":[{"href":"https:\/\/www.e-anjelik.sk\/index.php\/wp-json\/wp\/v2\/media?parent=5622"}],"wp:term":[{"taxonomy":"category","embeddable":true,"href":"https:\/\/www.e-anjelik.sk\/index.php\/wp-json\/wp\/v2\/categories?post=5622"},{"taxonomy":"post_tag","embeddable":true,"href":"https:\/\/www.e-anjelik.sk\/index.php\/wp-json\/wp\/v2\/tags?post=5622"}],"curies":[{"name":"wp","href":"https:\/\/api.w.org\/{rel}","templated":true}]}}