{"id":5637,"date":"2014-08-24T03:38:27","date_gmt":"2014-08-24T03:38:27","guid":{"rendered":"http:\/\/e-anjelik.sk\/?p=5637"},"modified":"2014-08-24T03:38:27","modified_gmt":"2014-08-24T03:38:27","slug":"den-pokania","status":"publish","type":"post","link":"https:\/\/www.e-anjelik.sk\/index.php\/2014\/08\/24\/den-pokania\/","title":{"rendered":"De\u0148 pok\u00e1nia"},"content":{"rendered":"<p>DE\u0147 POK\u00c1NIA<\/p>\n<p><strong> (J\u00e1n) hovoril: Pok\u00e1nie \u010di\u0148te, lebo sa pribl\u00ed\u017eilo kr\u00e1\u013eovstvo nebesk\u00e9. <\/strong><br \/>\n<em> Mat\u00fa\u0161 3,2 <\/em><\/p>\n<p><strong> (Je\u017ei\u0161) hovoril: Naplnil sa \u010das a pribl\u00ed\u017eilo sa kr\u00e1\u013eovstvo Bo\u017eie; pok\u00e1nie \u010di\u0148te a verte v evanjelium! <\/strong><br \/>\n<em> Marek 1,15 <\/em><\/p>\n<p>J\u00e1n prich\u00e1dza ako hlas volaj\u00faceho na p\u00fa\u0161ti a k\u00e1\u017ee v\u0161etk\u00fdm krst pok\u00e1nia a pod\u00e1va to takou k\u00e1z\u0148ou nesl\u00fdchane pr\u00edsne ako je pravda sama, \u017ee v\u0161etci \u013eudia s\u00fa hrie\u0161ni. Jedni veria J\u00e1novi ako hlasu Evanjelia; pokladaj\u00fa tak\u00fato zdrvuj\u00facu k\u00e1ze\u0148 za pravdiv\u00fa a zast\u00e1vaj\u00fa si v pon\u00ed\u017een\u00ed a s chven\u00edm v poslu\u0161nosti; prizn\u00e1vaj\u00fa, \u017ee s\u00fa hrie\u0161ni; \u010di u\u017e s\u00fa si nie\u010do vedom\u00ed alebo nie, veria veru J\u00e1novi viac ne\u017e sami sebe. S\u00fa teda sp\u00f4sobil\u00ed prija\u0165 milos\u0165; \u017e\u00edznia po spravodlivosti; ich \u00fatechou prenik\u00e1 b\u00e1ze\u0148; s\u00fa duchovne chudobn\u00ed, opusten\u00ed  a ochotn\u00ed da\u0165 sa vies\u0165. Preto prich\u00e1dza Kristus, Kr\u00e1\u013eovstvo nebesk\u00e9, do nich, On, ktor\u00fd prich\u00e1dza, aby hrie\u0161nikov spasil. In\u00ed, ktor\u00ed si nam\u00fd\u0161\u013eaj\u00fa, \u017ee s\u00fa spravodliv\u00ed, neveria, \u017ee sa to t\u00fdka aj ich sam\u00fdch, ke\u010f tu zaznieva v\u00fdzva: Pok\u00e1nie \u010di\u0148te! Viac-menej namietaj\u00fa: my sme spravodliv\u00ed; nevieme o nijak\u00fdch hriechoch. Nechc\u00fa po\u010du\u0165 cudzo im vyznievaj\u00faci hlas Evanjelia, \u017ee s\u00fa hrie\u0161ni a nerozumn\u00ed; viac-menej si myslia, \u017ee Evanjelium je falo\u0161n\u00e9  l\u017eiv\u00e9&#8230;Hriechy sa iba t\u00fdm odp\u00fa\u0161\u0165aj\u00fa, ktor\u00ed sa v nich nec\u00edtia dobre; to predov\u0161etk\u00fdm znamen\u00e1 \u010dini\u0165 pok\u00e1nie. Ke\u010f Je\u017ei\u0161 Kristus povedal: Pok\u00e1nie \u010di\u0148te, chcel, aby cel\u00fd \u017eivot Jeho veriacich bol ustavi\u010dn\u00fdm pok\u00e1n\u00edm (1. t\u00e9za Lutherov\u00fdch 95 t\u00e9z).<\/p>\n<p><strong> Riekol im: Tak je nap\u00edsan\u00e9, \u017ee Kristus musel trpie\u0165 a na tret\u00ed de\u0148 vstal z m\u0155tvych, a \u017ee sa mus\u00ed k\u00e1za\u0165 v jeho mene pok\u00e1nie na odpustenie hriechov v\u0161etk\u00fdm n\u00e1rodom, po\u010dn\u00fac od Jeruzalema. <\/strong><br \/>\n<em> Luk\u00e1\u0161 24,46-47 <\/em><\/p>\n<p>K\u00e1za\u0165 pok\u00e1nie neznamen\u00e1 ni\u010d in\u00e9, ne\u017e \u013eud\u00ed vola\u0165 k tomu, aby si uvedomili, \u017ee s\u00fa hrie\u0161ni a polep\u0161ili sa. S\u00fahrnom: Pok\u00e1nie k\u00e1za\u0165 znamen\u00e1 vola\u0165 \u013eud\u00ed, aby si uvedomili, \u017ee sa nach\u00e1dzaj\u00fa v stave a situ\u00e1cii zatratenia, a \u017ee nie je mo\u017en\u00e9, aby boli spasen\u00ed, ak sa neobr\u00e1tia a nezmenia. Preto\u017ee Kristus chce, aby t\u00e1to k\u00e1ze\u0148 pok\u00e1nia znela medzi n\u00e1rodmi, neuzn\u00e1va nijak\u00e9ho \u010dloveka ako nevinn\u00e9ho a v\u00fdnimo\u010dn\u00e9ho, ale chce, aby sa v\u0161etci pokladali za hrie\u0161nikov. \u00c1no, preto\u017ee On chce, aby sa t\u00e1to k\u00e1ze\u0148 dostala do Jeruzalema, medzi Bo\u017e\u00ed \u013eud a na sv\u00e4t\u00e9 miesto, obvi\u0148uje teda ako hrie\u0161nikov aj t\u00fdch, ktor\u00ed sa pokladaj\u00fa za sv\u00e4t\u00fdch, a chce, aby sa aj farizeji (a z\u00e1konn\u00edci) oslovili, \u017ee sa maj\u00fa polep\u0161i\u0165; lebo si po\u010d\u00ednaj\u00fa hor\u0161ie ne\u017e prostit\u00fatky a smiln\u00edci, aj ke\u010f si nam\u00fd\u0161\u013eaj\u00fa, \u017ee s\u00fa zbo\u017en\u00ed a sv\u00e4t\u00ed, akoby nepotrebovali tak\u00fato k\u00e1ze\u0148 pok\u00e1nia. Nu\u017e, t\u00fdmto pr\u00edkazom kladie Kristus P\u00e1n pod s\u00fad zatratenia cel\u00fd svet, a obvi\u0148uje v\u0161etk\u00fdch \u013eud\u00ed ako hrie\u0161nikov, \u017didov i pohanov a chce, ak t\u00fa\u017eime po sp\u00e1se, aby si ka\u017ed\u00fd z n\u00e1s pok\u013eakol, zlo\u017eil ruky a prosil: Pane, som hrie\u0161ny; je nevyhnutn\u00e9, aby som sa polep\u0161il. S\u00e1m to v\u0161ak nedok\u00e1\u017eem. Preto, Pane, bu\u010f mi milostiv\u00fd a pom\u00f4\u017e mi. \u2013 Kto takto urob\u00ed, a nad svojim \u017eivotom a dielom zastane v z\u00fafalstve, nastupuje nie\u010do nov\u00e9, a to: odpustenie hriechov. P\u00e1n chce aby sa takto dialo, aby sa zvestovalo, aby sme si to pokladali za prvorad\u00e9, priznali, \u017ee sme hrie\u0161ni, a potom prosili o milos\u0165. Amen.<\/p>\n<p>(&#8230;\u00dastami e\u0161te prizn\u00e1me, \u017ee sme hrie\u0161ni, ale ke\u010f sa Boh ozve v srdci, vzdorujeme a chceli by sme sa rad\u0161ej vidie\u0165 ako zbo\u017en\u00ed, za zbo\u017en\u00fdch by\u0165 uznan\u00ed, a ujs\u0165 pr\u00edsnemu \u00fasudku&#8230;..8.m\u00e1j)<\/p>\n<p><strong>  Martin Luther &#8211; Smerovn\u00edk kres\u0165anskej cesty <\/strong><\/p>\n<p>Pokoj V\u00e1m!!<\/p>\n","protected":false},"excerpt":{"rendered":"<p>DE\u0147 POK\u00c1NIA (J\u00e1n) hovoril: Pok\u00e1nie \u010di\u0148te, lebo sa pribl\u00ed\u017eilo kr\u00e1\u013eovstvo nebesk\u00e9. Mat\u00fa\u0161 3,2 (Je\u017ei\u0161) hovoril: Naplnil sa \u010das a pribl\u00ed\u017eilo sa kr\u00e1\u013eovstvo Bo\u017eie; pok\u00e1nie \u010di\u0148te a verte v evanjelium! Marek 1,15 J\u00e1n prich\u00e1dza ako hlas volaj\u00faceho na p\u00fa\u0161ti a k\u00e1\u017ee v\u0161etk\u00fdm krst pok\u00e1nia a pod\u00e1va to takou k\u00e1z\u0148ou nesl\u00fdchane pr\u00edsne ako je pravda sama, \u017ee &#8230; <a title=\"De\u0148 pok\u00e1nia\" class=\"read-more\" href=\"https:\/\/www.e-anjelik.sk\/index.php\/2014\/08\/24\/den-pokania\/\" aria-label=\"Pre\u010d\u00edtajte si viac o De\u0148 pok\u00e1nia\">\u010c\u00edta\u0165 viac<\/a><\/p>\n","protected":false},"author":3,"featured_media":0,"comment_status":"open","ping_status":"open","sticky":false,"template":"","format":"standard","meta":{"footnotes":""},"categories":[119],"tags":[],"class_list":["post-5637","post","type-post","status-publish","format-standard","hentry","category-obdobie-po-sv-trojici"],"_links":{"self":[{"href":"https:\/\/www.e-anjelik.sk\/index.php\/wp-json\/wp\/v2\/posts\/5637","targetHints":{"allow":["GET"]}}],"collection":[{"href":"https:\/\/www.e-anjelik.sk\/index.php\/wp-json\/wp\/v2\/posts"}],"about":[{"href":"https:\/\/www.e-anjelik.sk\/index.php\/wp-json\/wp\/v2\/types\/post"}],"author":[{"embeddable":true,"href":"https:\/\/www.e-anjelik.sk\/index.php\/wp-json\/wp\/v2\/users\/3"}],"replies":[{"embeddable":true,"href":"https:\/\/www.e-anjelik.sk\/index.php\/wp-json\/wp\/v2\/comments?post=5637"}],"version-history":[{"count":0,"href":"https:\/\/www.e-anjelik.sk\/index.php\/wp-json\/wp\/v2\/posts\/5637\/revisions"}],"wp:attachment":[{"href":"https:\/\/www.e-anjelik.sk\/index.php\/wp-json\/wp\/v2\/media?parent=5637"}],"wp:term":[{"taxonomy":"category","embeddable":true,"href":"https:\/\/www.e-anjelik.sk\/index.php\/wp-json\/wp\/v2\/categories?post=5637"},{"taxonomy":"post_tag","embeddable":true,"href":"https:\/\/www.e-anjelik.sk\/index.php\/wp-json\/wp\/v2\/tags?post=5637"}],"curies":[{"name":"wp","href":"https:\/\/api.w.org\/{rel}","templated":true}]}}