{"id":5645,"date":"2014-09-25T13:38:55","date_gmt":"2014-09-25T13:38:55","guid":{"rendered":"http:\/\/e-anjelik.sk\/?p=5645"},"modified":"2014-09-25T13:38:55","modified_gmt":"2014-09-25T13:38:55","slug":"prve-zasadnutie-i-snr","status":"publish","type":"post","link":"https:\/\/www.e-anjelik.sk\/index.php\/2014\/09\/25\/prve-zasadnutie-i-snr\/","title":{"rendered":"Prv\u00e9 zasadnutie I. SNR"},"content":{"rendered":"<p>Pred 166 rokmi po prv\u00fdkr\u00e1t zasadala v Myjave I. Slovensk\u00e1 n\u00e1rodn\u00e1 rada<\/p>\n<p>Predstavitelia kult\u00farnych a cirkevn\u00fdch in\u0161tit\u00faci\u00ed a z\u00e1stupcovia samospr\u00e1v si 19. 9. 2014 spomienkov\u00fdm stretnut\u00edm v Slovenskom n\u00e1rodnom m\u00fazeu \u2013 M\u00fazeu Slovensk\u00fdch n\u00e1rodn\u00fdch r\u00e1d v Myjave pripomenuli 166. v\u00fdro\u010die historicky prv\u00e9ho zasadnutia I. SNR.<br \/>\nPod\u013ea slov riadite\u013eky m\u00fazea Aleny Petr\u00e1kovej sa I. SNR ofici\u00e1lne kon\u0161tituovala vo Viedni u\u017e 16. septembra 1848. Na prvom zasadnut\u00ed sa v\u0161ak na \u010dele so \u0160t\u00farom, Hurbanom a Hod\u017eom stretla pr\u00e1ve 19. septembra 1848 v dome pani Kol\u00e9niovej v Myjave \u2013 dne\u0161nom s\u00eddle m\u00fazea: \u201eTu, pri brehu rie\u010dky Myjava, na prvom zasadnut\u00ed SNR \u013dudov\u00edt \u0160t\u00far vyhl\u00e1sil nez\u00e1vislos\u0165 slovensk\u00e9ho n\u00e1roda od Uhorska a vyhl\u00e1sil neposlu\u0161nos\u0165 ma\u010farskej vl\u00e1de. Z\u00e1rove\u0148 Slovensk\u00e1 n\u00e1rodn\u00e1 rada vyzvala slovensk\u00fd \u013eud na celon\u00e1rodn\u00e9 povstanie.\u201c<br \/>\n          Vtedy sa po Slov\u00e1ci prv\u00fdkr\u00e1t v dejin\u00e1ch dom\u00e1hali svojich pr\u00e1v a slob\u00f4d. Uvedomili si, \u017ee ka\u017ed\u00fd n\u00e1rod m\u00e1 pr\u00e1vo na vlastn\u00fd \u0161t\u00e1t: \u201eTo bola hlavn\u00e1 my\u0161lienka politick\u00e9ho nacionalizmu. Jeho ohnisk\u00e1 boli na r\u00f4znych miestach Eur\u00f3py a habsbursk\u00e1 monarchia nebola v\u00fdnimkou,\u201c skon\u0161tatovala Petr\u00e1kov\u00e1 s t\u00fdm, \u017ee pripom\u00ednanie si tejto historickej udalosti nem\u00e1 len region\u00e1lny, ale aj celoslovensk\u00fd v\u00fdznam.<\/p>\n<p>Myjava bola pod\u013ea nej pre \u0161t\u00farovcov ve\u013emi zauj\u00edmav\u00e1, preto\u017ee to bol \u010disto evanjelick\u00fd kraj nepozna\u010den\u00fd ma\u010fariz\u00e1ciou. \u201eMlad\u00ed \u013eudia z Myjavy a okolia, ktor\u00ed mohli \u0161tudova\u0165, i\u0161li najm\u00e4 na Evanjelick\u00e9 l\u00fdceum do Bratislavy, kde u\u017e v tom \u010dase p\u00f4sobil \u013dudov\u00edt \u0160t\u00far. \u0160t\u00far r\u00e1d chodil do tohto kraja a kopanice boli bl\u00edzke aj samotn\u00e9mu Hurbanovi,\u201c doplnila riadite\u013eka m\u00fazea.<br \/>\nTASR, 19. 9. 2014 | 23.9.2014<\/p>\n","protected":false},"excerpt":{"rendered":"<p>Pred 166 rokmi po prv\u00fdkr\u00e1t zasadala v Myjave I. Slovensk\u00e1 n\u00e1rodn\u00e1 rada Predstavitelia kult\u00farnych a cirkevn\u00fdch in\u0161tit\u00faci\u00ed a z\u00e1stupcovia samospr\u00e1v si 19. 9. 2014 spomienkov\u00fdm stretnut\u00edm v Slovenskom n\u00e1rodnom m\u00fazeu \u2013 M\u00fazeu Slovensk\u00fdch n\u00e1rodn\u00fdch r\u00e1d v Myjave pripomenuli 166. v\u00fdro\u010die historicky prv\u00e9ho zasadnutia I. SNR. Pod\u013ea slov riadite\u013eky m\u00fazea Aleny Petr\u00e1kovej sa I. SNR ofici\u00e1lne &#8230; <a title=\"Prv\u00e9 zasadnutie I. SNR\" class=\"read-more\" href=\"https:\/\/www.e-anjelik.sk\/index.php\/2014\/09\/25\/prve-zasadnutie-i-snr\/\" aria-label=\"Pre\u010d\u00edtajte si viac o Prv\u00e9 zasadnutie I. SNR\">\u010c\u00edta\u0165 viac<\/a><\/p>\n","protected":false},"author":4,"featured_media":0,"comment_status":"open","ping_status":"open","sticky":false,"template":"","format":"standard","meta":{"footnotes":""},"categories":[40,118],"tags":[],"class_list":["post-5645","post","type-post","status-publish","format-standard","hentry","category-historia","category-myjava"],"_links":{"self":[{"href":"https:\/\/www.e-anjelik.sk\/index.php\/wp-json\/wp\/v2\/posts\/5645","targetHints":{"allow":["GET"]}}],"collection":[{"href":"https:\/\/www.e-anjelik.sk\/index.php\/wp-json\/wp\/v2\/posts"}],"about":[{"href":"https:\/\/www.e-anjelik.sk\/index.php\/wp-json\/wp\/v2\/types\/post"}],"author":[{"embeddable":true,"href":"https:\/\/www.e-anjelik.sk\/index.php\/wp-json\/wp\/v2\/users\/4"}],"replies":[{"embeddable":true,"href":"https:\/\/www.e-anjelik.sk\/index.php\/wp-json\/wp\/v2\/comments?post=5645"}],"version-history":[{"count":0,"href":"https:\/\/www.e-anjelik.sk\/index.php\/wp-json\/wp\/v2\/posts\/5645\/revisions"}],"wp:attachment":[{"href":"https:\/\/www.e-anjelik.sk\/index.php\/wp-json\/wp\/v2\/media?parent=5645"}],"wp:term":[{"taxonomy":"category","embeddable":true,"href":"https:\/\/www.e-anjelik.sk\/index.php\/wp-json\/wp\/v2\/categories?post=5645"},{"taxonomy":"post_tag","embeddable":true,"href":"https:\/\/www.e-anjelik.sk\/index.php\/wp-json\/wp\/v2\/tags?post=5645"}],"curies":[{"name":"wp","href":"https:\/\/api.w.org\/{rel}","templated":true}]}}