{"id":5646,"date":"2014-10-08T12:57:32","date_gmt":"2014-10-08T12:57:32","guid":{"rendered":"http:\/\/e-anjelik.sk\/?p=5646"},"modified":"2014-10-08T12:57:32","modified_gmt":"2014-10-08T12:57:32","slug":"instalacia-v-sobotisti","status":"publish","type":"post","link":"https:\/\/www.e-anjelik.sk\/index.php\/2014\/10\/08\/instalacia-v-sobotisti\/","title":{"rendered":"In\u0161tal\u00e1cia v Soboti\u0161ti"},"content":{"rendered":"<p>D\u0148a 21.9.2014 sa v CZ Soboti\u0161ti konala in\u0161tal\u00e1cia novozvolen\u00e9ho br.far\u00e1ra Mgr.Rastislava Hvo\u017e\u010faru, ktor\u00fd nast\u00fapil do \u00faradu 1.7.2014. Predt\u00fdm p\u00f4sobil ako far\u00e1r v Teranoch a v Pren\u010dove. In\u0161tal\u00e1ciu vykonal br.senior MyS Mgr.Miroslav Hvo\u017e\u010fara, za asistencie br.Mgr.Miroslava Hvo\u017e\u010faru st. far\u00e1ra \u010d\u00e1\u010dovsk\u00e9ho a Mgr.\u013dubom\u00edra Batku, predch\u00e1dzaj\u00faceho zborov\u00e9ho fr\u00e1ra a t.\u010d.sen.kapl\u00e1na MyS. Sl\u00e1vnostn\u00fdm kazate\u013eom bol reverend Du\u0161an T\u00f3th z Toronta. Medzi pozvan\u00fdmi hos\u0165ami boli br. Mrg.Pavol \u0160tefek, far\u00e1r \u010dastkovsk\u00fd, ses.Mgr. Iveta Vachulov\u00e1, far\u00e1rka turol\u00facka a ses.Mgr.Jarmila Mi\u0161iakov\u00e1, far\u00e1rka myjavsk\u00e1, starostovia obc\u00ed Soboti\u0161te, Podbran\u010d a Rovensko, predseda RD Ing.Pavol Hurb\u00e1nek a riad.Z\u0160 Mgr. Aloiz Ja\u0161\u00farek. Okrem  dom\u00e1cich boli na in\u0161tala\u010dnej sl\u00e1vnosti pr\u00edtomn\u00ed mnoh\u00ed cirkevn\u00edci z Vrboviec, \u010castkova a in\u00fdch okolit\u00fdch obc\u00ed. Po pr\u00edhovoroch host\u00ed sa po\u010fakoval P\u00e1nu Bohu in\u0161talovan\u00fd a oslovil pr\u00edtomn\u00fdch. Dom\u00e1ci CZ odovzdal k\u0148azovi symbol povolania &#8211; nov\u00fa kam\u017eu. Po povzn\u00e1\u0161aj\u00facej sl\u00e1vnosti cirkevn\u00fd zbor pripravil pre v\u0161etk\u00fdch aj telesn\u00e9 ob\u010derstvenie a pozvan\u00ed sa stretli na spolo\u010dnom sl\u00e1vnostnom obede.  Soli Deo gloria!<\/p>\n","protected":false},"excerpt":{"rendered":"<p>D\u0148a 21.9.2014 sa v CZ Soboti\u0161ti konala in\u0161tal\u00e1cia novozvolen\u00e9ho br.far\u00e1ra Mgr.Rastislava Hvo\u017e\u010faru, ktor\u00fd nast\u00fapil do \u00faradu 1.7.2014. Predt\u00fdm p\u00f4sobil ako far\u00e1r v Teranoch a v Pren\u010dove. In\u0161tal\u00e1ciu vykonal br.senior MyS Mgr.Miroslav Hvo\u017e\u010fara, za asistencie br.Mgr.Miroslava Hvo\u017e\u010faru st. far\u00e1ra \u010d\u00e1\u010dovsk\u00e9ho a Mgr.\u013dubom\u00edra Batku, predch\u00e1dzaj\u00faceho zborov\u00e9ho fr\u00e1ra a t.\u010d.sen.kapl\u00e1na MyS. Sl\u00e1vnostn\u00fdm kazate\u013eom bol reverend Du\u0161an T\u00f3th z &#8230; <a title=\"In\u0161tal\u00e1cia v Soboti\u0161ti\" class=\"read-more\" href=\"https:\/\/www.e-anjelik.sk\/index.php\/2014\/10\/08\/instalacia-v-sobotisti\/\" aria-label=\"Pre\u010d\u00edtajte si viac o In\u0161tal\u00e1cia v Soboti\u0161ti\">\u010c\u00edta\u0165 viac<\/a><\/p>\n","protected":false},"author":4,"featured_media":0,"comment_status":"open","ping_status":"open","sticky":false,"template":"","format":"standard","meta":{"footnotes":""},"categories":[95],"tags":[],"class_list":["post-5646","post","type-post","status-publish","format-standard","hentry","category-sobotiste"],"_links":{"self":[{"href":"https:\/\/www.e-anjelik.sk\/index.php\/wp-json\/wp\/v2\/posts\/5646","targetHints":{"allow":["GET"]}}],"collection":[{"href":"https:\/\/www.e-anjelik.sk\/index.php\/wp-json\/wp\/v2\/posts"}],"about":[{"href":"https:\/\/www.e-anjelik.sk\/index.php\/wp-json\/wp\/v2\/types\/post"}],"author":[{"embeddable":true,"href":"https:\/\/www.e-anjelik.sk\/index.php\/wp-json\/wp\/v2\/users\/4"}],"replies":[{"embeddable":true,"href":"https:\/\/www.e-anjelik.sk\/index.php\/wp-json\/wp\/v2\/comments?post=5646"}],"version-history":[{"count":0,"href":"https:\/\/www.e-anjelik.sk\/index.php\/wp-json\/wp\/v2\/posts\/5646\/revisions"}],"wp:attachment":[{"href":"https:\/\/www.e-anjelik.sk\/index.php\/wp-json\/wp\/v2\/media?parent=5646"}],"wp:term":[{"taxonomy":"category","embeddable":true,"href":"https:\/\/www.e-anjelik.sk\/index.php\/wp-json\/wp\/v2\/categories?post=5646"},{"taxonomy":"post_tag","embeddable":true,"href":"https:\/\/www.e-anjelik.sk\/index.php\/wp-json\/wp\/v2\/tags?post=5646"}],"curies":[{"name":"wp","href":"https:\/\/api.w.org\/{rel}","templated":true}]}}