{"id":5647,"date":"2014-10-08T13:11:19","date_gmt":"2014-10-08T13:11:19","guid":{"rendered":"http:\/\/e-anjelik.sk\/?p=5647"},"modified":"2014-10-08T13:11:19","modified_gmt":"2014-10-08T13:11:19","slug":"spomienkova-slavnost-na-braxatorisovcov-v-senici","status":"publish","type":"post","link":"https:\/\/www.e-anjelik.sk\/index.php\/2014\/10\/08\/spomienkova-slavnost-na-braxatorisovcov-v-senici\/","title":{"rendered":"Spomienkov\u00e1 sl\u00e1vnos\u0165 na Braxatorisovcov v Senici"},"content":{"rendered":"<p>Spomienkov\u00e1 sl\u00e1vnos\u0165 na Braxatorisovcov<\/p>\n<p>       V Evanjelickom a. v. kostole v Senici sa v septembri konalo spomienkov\u00e9 stretnutie venovan\u00e9 \u0161tyrom gener\u00e1ci\u00e1m Braxatorisovcov: otca Ondreja Braxatorisa &#8211; u\u010dite\u013ea, syna Andreja Braxatorisa- Sl\u00e1dkovi\u010da, k\u0148aza a b\u00e1snika, vnuka Martina Braxatorisa &#8211; Sl\u00e1dkovi\u010dov, k\u0148aza, spisovate\u013ea a pravnuka Pavla Braxatorisa &#8211; pr\u00e1vnika, text\u00e1ra a libretistu.<\/p>\n<p>    V\u0161etk\u00fdch Braxatorisovcov sprievodn\u00fdm slovom pripomenul dom\u00e1ci far\u00e1r Juraj \u0160ef\u010d\u00edk. Prv\u00e1 spomienka patrila najmlad\u0161iemu z nich, Pavlovi Braxatorisovi, naroden\u00e9mu pred 105 rokmi na senickej fare. Zdedil po svojich predkoch umeleck\u00fd talent, p\u00edsal p\u00fatav\u00e9 texty, ktor\u00e9 zhudobnil zn\u00e1my skladate\u013e Gejza Dus\u00edk. O ich popularitu sa postaral zn\u00e1my slovensk\u00fd spev\u00e1k Franti\u0161ek Kri\u0161tof Vesel\u00fd. Teraz zneli chr\u00e1mom v podan\u00ed dom\u00e1cich, ale aj bratislavsk\u00fdch spev\u00e1kov. Pr\u00edtomn\u00ed sa mohli zapo\u010d\u00fava\u0165 do nezabudnute\u013en\u00fdch mel\u00f3di\u00ed: Modr\u00e1 ru\u017ea, Dedinka v \u00fadol\u00ed, \u010co sa mi m\u00f4\u017ee sta\u0165, Najkraj\u0161\u00ed k\u00fat v \u0161\u00edrom svete, Rodn\u00fd m\u00f4j kraj\u2026<br \/>\n           Po nich zazneli biblick\u00e9 skladby a n\u00e1bo\u017en\u00e9 piesne. Texty k nim v\u00e4\u010d\u0161inou nap\u00edsal Martin Braxatoris-Sl\u00e1dkovi\u010dov, ktor\u00fd je Seni\u010danom zo v\u0161etk\u00fdch jubilantov najbli\u017e\u0161\u00ed. V Senici p\u00f4sobil ako zborov\u00fd far\u00e1r 42 rokov od roku 1892 a\u017e do svojej smrti, ktorej 80. v\u00fdro\u010die si v tomto roku pripom\u00edname. Bol nielen dobr\u00fdm far\u00e1rom, ale aj spisovate\u013eom, b\u00e1snikom a dopisovate\u013eom Cirkevn\u00fdch listov, Slovensk\u00fdch poh\u013eadov, Str\u00e1\u017ei na Sione a in\u00fdch. Vyd\u00e1val v svojej dobe zn\u00e1me Noviny mlad\u00fdch. V arch\u00edve senickej fary je ulo\u017een\u00fd text, ktor\u00fd pri 40. v\u00fdro\u010d\u00ed \u00famrtia nap\u00edsala jeho dc\u00e9ra M\u00e1ria Jakub\u00e9ciov\u00e1. Boli to zauj\u00edmav\u00e9 a aj nev\u0161edn\u00e9 pr\u00edhody z jeho \u017eivota, tak, ako ich ona sama videla. Juraj \u0160ef\u010d\u00edk pri tejto pr\u00edle\u017eitosti zauj\u00edmav\u00fd dokument pre\u010d\u00edtal. Pr\u00edjemn\u00e9 popoludnie sa skon\u010dilo z\u00e1vere\u010dnou spolo\u010dnou modlitbou.<br \/>\nO\u013ega Zlochov\u00e1, CZ ECAV Senica | 26.9.2014<\/p>\n","protected":false},"excerpt":{"rendered":"<p>Spomienkov\u00e1 sl\u00e1vnos\u0165 na Braxatorisovcov V Evanjelickom a. v. kostole v Senici sa v septembri konalo spomienkov\u00e9 stretnutie venovan\u00e9 \u0161tyrom gener\u00e1ci\u00e1m Braxatorisovcov: otca Ondreja Braxatorisa &#8211; u\u010dite\u013ea, syna Andreja Braxatorisa- Sl\u00e1dkovi\u010da, k\u0148aza a b\u00e1snika, vnuka Martina Braxatorisa &#8211; Sl\u00e1dkovi\u010dov, k\u0148aza, spisovate\u013ea a pravnuka Pavla Braxatorisa &#8211; pr\u00e1vnika, text\u00e1ra a libretistu. V\u0161etk\u00fdch Braxatorisovcov sprievodn\u00fdm slovom pripomenul dom\u00e1ci &#8230; <a title=\"Spomienkov\u00e1 sl\u00e1vnos\u0165 na Braxatorisovcov v Senici\" class=\"read-more\" href=\"https:\/\/www.e-anjelik.sk\/index.php\/2014\/10\/08\/spomienkova-slavnost-na-braxatorisovcov-v-senici\/\" aria-label=\"Pre\u010d\u00edtajte si viac o Spomienkov\u00e1 sl\u00e1vnos\u0165 na Braxatorisovcov v Senici\">\u010c\u00edta\u0165 viac<\/a><\/p>\n","protected":false},"author":4,"featured_media":0,"comment_status":"open","ping_status":"open","sticky":false,"template":"","format":"standard","meta":{"footnotes":""},"categories":[158],"tags":[],"class_list":["post-5647","post","type-post","status-publish","format-standard","hentry","category-senica"],"_links":{"self":[{"href":"https:\/\/www.e-anjelik.sk\/index.php\/wp-json\/wp\/v2\/posts\/5647","targetHints":{"allow":["GET"]}}],"collection":[{"href":"https:\/\/www.e-anjelik.sk\/index.php\/wp-json\/wp\/v2\/posts"}],"about":[{"href":"https:\/\/www.e-anjelik.sk\/index.php\/wp-json\/wp\/v2\/types\/post"}],"author":[{"embeddable":true,"href":"https:\/\/www.e-anjelik.sk\/index.php\/wp-json\/wp\/v2\/users\/4"}],"replies":[{"embeddable":true,"href":"https:\/\/www.e-anjelik.sk\/index.php\/wp-json\/wp\/v2\/comments?post=5647"}],"version-history":[{"count":0,"href":"https:\/\/www.e-anjelik.sk\/index.php\/wp-json\/wp\/v2\/posts\/5647\/revisions"}],"wp:attachment":[{"href":"https:\/\/www.e-anjelik.sk\/index.php\/wp-json\/wp\/v2\/media?parent=5647"}],"wp:term":[{"taxonomy":"category","embeddable":true,"href":"https:\/\/www.e-anjelik.sk\/index.php\/wp-json\/wp\/v2\/categories?post=5647"},{"taxonomy":"post_tag","embeddable":true,"href":"https:\/\/www.e-anjelik.sk\/index.php\/wp-json\/wp\/v2\/tags?post=5647"}],"curies":[{"name":"wp","href":"https:\/\/api.w.org\/{rel}","templated":true}]}}