{"id":5650,"date":"2014-10-13T20:14:12","date_gmt":"2014-10-13T20:14:12","guid":{"rendered":"http:\/\/e-anjelik.sk\/?p=5650"},"modified":"2014-10-13T20:14:12","modified_gmt":"2014-10-13T20:14:12","slug":"trojpastoralka-na-myjave","status":"publish","type":"post","link":"https:\/\/www.e-anjelik.sk\/index.php\/2014\/10\/13\/trojpastoralka-na-myjave\/","title":{"rendered":"Trojpastor\u00e1lka na Myjave"},"content":{"rendered":"<p>Pastor\u00e1lna konferencia troch senior\u00e1tov: Myjavsk\u00e9ho, Pova\u017esk\u00e9ho a V\u00fdchodomoravsk\u00e9ho sa konala 13.10. v CZ Myjava, v  Cirkevnom centre vo\u013en\u00e9ho \u010dasu (CCV\u010c) v Brestovci u Sv\u00edtkov. Rann\u00fa pobo\u017enos\u0165 vykonala predsedn\u00ed\u010dka SPK MyS Monika \u010cernekov\u00e1. Hlavn\u00e1 t\u00e9ma: Homiletick\u00fd odkaz biblick\u00e9ho u\u010denia o stvoren\u00ed \u010dloveka na Bo\u017e\u00ed obraz &#8211; predn\u00e1\u0161ka prof.ThDr. Igor Ki\u0161\u0161.<br \/>\nZauj\u00edmavo podan\u00fa predn\u00e1\u0161ku n\u00e1\u0161ho emeritn\u00e9ho profesora a dekana EBF pr\u00edtomn\u00ed s pozornoso\u0165u vypo\u010duli. Po predn\u00e1\u0161ke bola diskusia. Seniori potom informovali o pr\u00e1ci a aktu\u00e1lnych \u00faloh\u00e1ch v jednotliv\u00fdch senior\u00e1toch.<br \/>\nTieto tzv.trojpastor\u00e1lky maj\u00fa svoju trad\u00edciu zalo\u017een\u00fa skoro po zmene spolo\u010densk\u00fdch pomerov 17.novembra 1989 a te\u0161ia sa pozornosti star\u0161\u00edch i mlad\u0161\u00edch ro\u010dn\u00edkov duchovn\u00fdch z oboch str\u00e1n Moravy.<\/p>\n","protected":false},"excerpt":{"rendered":"<p>Pastor\u00e1lna konferencia troch senior\u00e1tov: Myjavsk\u00e9ho, Pova\u017esk\u00e9ho a V\u00fdchodomoravsk\u00e9ho sa konala 13.10. v CZ Myjava, v Cirkevnom centre vo\u013en\u00e9ho \u010dasu (CCV\u010c) v Brestovci u Sv\u00edtkov. Rann\u00fa pobo\u017enos\u0165 vykonala predsedn\u00ed\u010dka SPK MyS Monika \u010cernekov\u00e1. Hlavn\u00e1 t\u00e9ma: Homiletick\u00fd odkaz biblick\u00e9ho u\u010denia o stvoren\u00ed \u010dloveka na Bo\u017e\u00ed obraz &#8211; predn\u00e1\u0161ka prof.ThDr. Igor Ki\u0161\u0161. Zauj\u00edmavo podan\u00fa predn\u00e1\u0161ku n\u00e1\u0161ho emeritn\u00e9ho profesora &#8230; <a title=\"Trojpastor\u00e1lka na Myjave\" class=\"read-more\" href=\"https:\/\/www.e-anjelik.sk\/index.php\/2014\/10\/13\/trojpastoralka-na-myjave\/\" aria-label=\"Pre\u010d\u00edtajte si viac o Trojpastor\u00e1lka na Myjave\">\u010c\u00edta\u0165 viac<\/a><\/p>\n","protected":false},"author":4,"featured_media":0,"comment_status":"open","ping_status":"open","sticky":false,"template":"","format":"standard","meta":{"footnotes":""},"categories":[118],"tags":[],"class_list":["post-5650","post","type-post","status-publish","format-standard","hentry","category-myjava"],"_links":{"self":[{"href":"https:\/\/www.e-anjelik.sk\/index.php\/wp-json\/wp\/v2\/posts\/5650","targetHints":{"allow":["GET"]}}],"collection":[{"href":"https:\/\/www.e-anjelik.sk\/index.php\/wp-json\/wp\/v2\/posts"}],"about":[{"href":"https:\/\/www.e-anjelik.sk\/index.php\/wp-json\/wp\/v2\/types\/post"}],"author":[{"embeddable":true,"href":"https:\/\/www.e-anjelik.sk\/index.php\/wp-json\/wp\/v2\/users\/4"}],"replies":[{"embeddable":true,"href":"https:\/\/www.e-anjelik.sk\/index.php\/wp-json\/wp\/v2\/comments?post=5650"}],"version-history":[{"count":0,"href":"https:\/\/www.e-anjelik.sk\/index.php\/wp-json\/wp\/v2\/posts\/5650\/revisions"}],"wp:attachment":[{"href":"https:\/\/www.e-anjelik.sk\/index.php\/wp-json\/wp\/v2\/media?parent=5650"}],"wp:term":[{"taxonomy":"category","embeddable":true,"href":"https:\/\/www.e-anjelik.sk\/index.php\/wp-json\/wp\/v2\/categories?post=5650"},{"taxonomy":"post_tag","embeddable":true,"href":"https:\/\/www.e-anjelik.sk\/index.php\/wp-json\/wp\/v2\/tags?post=5650"}],"curies":[{"name":"wp","href":"https:\/\/api.w.org\/{rel}","templated":true}]}}